{"id":1183,"date":"2013-01-24T10:50:47","date_gmt":"2013-01-24T10:50:47","guid":{"rendered":"http:\/\/blogs.hoy.es\/senderosextremadura\/?p=1183"},"modified":"2013-01-24T10:50:47","modified_gmt":"2013-01-24T10:50:47","slug":"nueve-rutas-extremenas-para-el-ultimo-fin-de-semana-de-enero","status":"publish","type":"post","link":"https:\/\/blogs.hoy.es\/senderosextremadura\/2013\/01\/24\/nueve-rutas-extremenas-para-el-ultimo-fin-de-semana-de-enero\/","title":{"rendered":"Nueve rutas extreme\u00f1as para el \u00faltimo fin de semana de enero"},"content":{"rendered":"<p><a href=\"https:\/\/blogs.hoy.es\/senderosextremadura\/2013\/01\/24\/nueve-rutas-extremenas-para-el-ultimo-fin-de-semana-de-enero\/senderismo-nueve\/\" rel=\"attachment wp-att-1186\"><img loading=\"lazy\" class=\"aligncenter size-full wp-image-1186\" title=\"senderismo-nueve\" src=\"\/senderosextremadura\/wp-content\/uploads\/sites\/22\/2013\/01\/senderismo-nueve.jpg\" alt=\"\" width=\"647\" height=\"300\" srcset=\"https:\/\/static-blogs.hoy.es\/wp-content\/uploads\/sites\/22\/2013\/01\/senderismo-nueve.jpg 647w, https:\/\/static-blogs.hoy.es\/wp-content\/uploads\/sites\/22\/2013\/01\/senderismo-nueve-300x139.jpg 300w, https:\/\/static-blogs.hoy.es\/wp-content\/uploads\/sites\/22\/2013\/01\/senderismo-nueve-600x278.jpg 600w\" sizes=\"(max-width: 647px) 100vw, 647px\" \/><\/a><\/p>\n<p>Se avecina fin de semana intenso para los caminos extreme\u00f1os. Desperezados totalmente de los fr\u00edos invernales, os proponemos ocho rutas, una para el s\u00e1bado y ocho para el domingo. Ah\u00ed van:<\/p>\n<p style=\"text-align: left;\"><span style=\"font-size: small;\"><strong><a href=\"https:\/\/blogs.hoy.es\/senderosextremadura\/2013\/01\/23\/ruta-por-alconchel-con-tirolina-rapel-y-visita-al-castillo-de-miraflores\/\" target=\"_blank\">Ruta por Alconchel con tirolina, rapel y visita al castillo de Miraflores (26 de enero)<\/a><\/strong><\/span><br \/>\n<span style=\"font-size: small;\"><strong><a href=\"https:\/\/blogs.hoy.es\/senderosextremadura\/2013\/01\/23\/por-la-jara-de-casar-de-caceres-27-de-enero\/\" target=\"_blank\">Por la ruta de \u2018La Jara\u2019, en Casar de C\u00e1ceres (27 de enero)<\/a><\/strong><\/span><br \/>\n<span style=\"font-size: small;\"><strong><a href=\"https:\/\/blogs.hoy.es\/senderosextremadura\/2013\/01\/20\/ruta-de-los-molinos-por-los-parajes-de-montanchez-27-de-enero\/\" target=\"_blank\">Ruta de los Molinos por los parajes de Mont\u00e1nchez (27 de enero)<\/a><\/strong><\/span><br \/>\n<span style=\"font-size: small;\"><strong><a href=\"https:\/\/blogs.hoy.es\/senderosextremadura\/2013\/01\/18\/ii-ruta-de-las-coladas-villar-del-rey-27-de-enero\/\" target=\"_blank\">II Ruta de Las Coladas, Villar del Rey (27 de enero)<\/a><\/strong> <\/span><br \/>\n<span style=\"font-size: small;\"><strong><a href=\"https:\/\/blogs.hoy.es\/senderosextremadura\/2013\/01\/17\/senderos-de-la-muela-en-villarta-de-los-montes-27-de-enero\/\" target=\"_blank\">Senderos de La Muela en Villarta de los Montes (27 de enero)<\/a><\/strong><\/span><br \/>\n<span style=\"font-size: small;\"><strong><a href=\"https:\/\/blogs.hoy.es\/senderosextremadura\/2013\/01\/17\/los-tres-senderos-de-la-cela-en-la-siberia-27-de-enero\/\" target=\"_blank\">Los tres senderos de \u2018La Cel\u00e1\u2019, en La Siberia (27 de enero)<\/a><\/strong><\/span><br \/>\n<span style=\"font-size: small;\"><strong><a href=\"https:\/\/blogs.hoy.es\/senderosextremadura\/2013\/01\/14\/300-senderistas-recorreran-el-patrimonio-historico-de-merida\/\" target=\"_blank\">300 senderistas recorrer\u00e1n el patrimonio hist\u00f3rico de M\u00e9rida (27 de enero)<\/a><\/strong><\/span><br \/>\n<span style=\"font-size: small;\"><strong><a href=\"https:\/\/blogs.hoy.es\/senderosextremadura\/2013\/01\/10\/geografica-te-lleva-hasta-la-ermita-del-barbon-27-de-enero\/\" target=\"_blank\">Geogr\u00e1fica te lleva hasta la ermita del Barb\u00f3n (27 de enero)<\/a><\/strong><\/span><br \/>\n<span style=\"font-size: small;\"><strong><a href=\"https:\/\/blogs.hoy.es\/senderosextremadura\/2013\/01\/07\/xalima-caminara-desde-alcantara-a-estorninos-27-de-enero\/\" target=\"_blank\">Xalima caminar\u00e1 desde Alc\u00e1ntara a Estorninos (27 de enero)<\/a><\/strong><\/span><\/p>\n<!-- AddThis Advanced Settings generic via filter on the_content --><!-- AddThis Share Buttons generic via filter on the_content -->","protected":false},"excerpt":{"rendered":"<p>Se avecina fin de semana intenso para los caminos extreme\u00f1os. Desperezados totalmente de los fr\u00edos invernales, os proponemos ocho rutas, una para el s\u00e1bado y ocho para el domingo. Ah\u00ed van: Ruta por Alconchel con tirolina, rapel y visita al castillo de Miraflores (26 de enero) Por la ruta de \u2018La Jara\u2019, en Casar de [&hellip;]<!-- AddThis Advanced Settings generic via filter on get_the_excerpt --><!-- AddThis Share Buttons generic via filter on get_the_excerpt --><\/p>\n","protected":false},"author":27,"featured_media":0,"comment_status":"open","ping_status":"closed","sticky":false,"template":"","format":"standard","meta":[],"categories":[4],"tags":[86,121,796,836,1035],"_links":{"self":[{"href":"https:\/\/blogs.hoy.es\/senderosextremadura\/wp-json\/wp\/v2\/posts\/1183"}],"collection":[{"href":"https:\/\/blogs.hoy.es\/senderosextremadura\/wp-json\/wp\/v2\/posts"}],"about":[{"href":"https:\/\/blogs.hoy.es\/senderosextremadura\/wp-json\/wp\/v2\/types\/post"}],"author":[{"embeddable":true,"href":"https:\/\/blogs.hoy.es\/senderosextremadura\/wp-json\/wp\/v2\/users\/27"}],"replies":[{"embeddable":true,"href":"https:\/\/blogs.hoy.es\/senderosextremadura\/wp-json\/wp\/v2\/comments?post=1183"}],"version-history":[{"count":0,"href":"https:\/\/blogs.hoy.es\/senderosextremadura\/wp-json\/wp\/v2\/posts\/1183\/revisions"}],"wp:attachment":[{"href":"https:\/\/blogs.hoy.es\/senderosextremadura\/wp-json\/wp\/v2\/media?parent=1183"}],"wp:term":[{"taxonomy":"category","embeddable":true,"href":"https:\/\/blogs.hoy.es\/senderosextremadura\/wp-json\/wp\/v2\/categories?post=1183"},{"taxonomy":"post_tag","embeddable":true,"href":"https:\/\/blogs.hoy.es\/senderosextremadura\/wp-json\/wp\/v2\/tags?post=1183"}],"curies":[{"name":"wp","href":"https:\/\/api.w.org\/{rel}","templated":true}]}}