{"id":1187,"date":"2013-01-26T11:25:58","date_gmt":"2013-01-26T11:25:58","guid":{"rendered":"http:\/\/blogs.hoy.es\/senderosextremadura\/?p=1187"},"modified":"2013-01-26T11:25:58","modified_gmt":"2013-01-26T11:25:58","slug":"el-bordon-recorre-el-antiguo-camino-de-yuste-a-garganta-la-olla-27-de-enero","status":"publish","type":"post","link":"https:\/\/blogs.hoy.es\/senderosextremadura\/2013\/01\/26\/el-bordon-recorre-el-antiguo-camino-de-yuste-a-garganta-la-olla-27-de-enero\/","title":{"rendered":"El Bord\u00f3n recorre el antiguo camino de Yuste a Garganta la Olla (27 de enero)"},"content":{"rendered":"<div>\n<div id=\"div_texto\">\n<div id=\"attachment_1188\" style=\"width: 400px\" class=\"wp-caption aligncenter\"><a href=\"https:\/\/blogs.hoy.es\/senderosextremadura\/2013\/01\/26\/el-bordon-recorre-el-antiguo-camino-de-yuste-a-garganta-la-olla-27-de-enero\/garganta-2\/\" rel=\"attachment wp-att-1188\"><img aria-describedby=\"caption-attachment-1188\" loading=\"lazy\" class=\"size-full wp-image-1188\" title=\"Garganta la Olla\" src=\"\/senderosextremadura\/wp-content\/uploads\/sites\/22\/2013\/01\/garganta.jpg\" alt=\"Garganta la Olla\" width=\"390\" height=\"180\" srcset=\"https:\/\/static-blogs.hoy.es\/wp-content\/uploads\/sites\/22\/2013\/01\/garganta.jpg 390w, https:\/\/static-blogs.hoy.es\/wp-content\/uploads\/sites\/22\/2013\/01\/garganta-300x138.jpg 300w\" sizes=\"(max-width: 390px) 100vw, 390px\" \/><\/a><p id=\"caption-attachment-1188\" class=\"wp-caption-text\">Garganta la Olla<\/p><\/div>\n<p>La asociaci\u00f3n placentina de senderismo El Bord\u00f3n\u00a0 se adentrar\u00e1 este domingo por el antiguo camino de Yuste para llegar hasta la localidad cacere\u00f1a de Garganta la Olla.Los caminantes recorrer\u00e1n 14 kil\u00f3metros por &#8220;anchos&#8221; caminos de la comarca de La Vera.<\/p>\n<p>Seg\u00fan informa la organizaci\u00f3n en una nota de prensa, los participantes cruzar\u00e1n un puente de piedra &#8220;al son y el rugir del agua&#8221;, tras lo que pasar\u00e1n junto a la estatua de la Serrana de la Vera y llegar\u00e1n al Monastario de Yuste.<\/p>\n<p>El cementerio alem\u00e1n, y el jard\u00edn bot\u00e1nico del Centro de Educaci\u00f3n Ambiental de Cuacos de Yuste, ser\u00e1n otras de las paradas que realizar\u00e1n los participantes, antes de acercarse a Garganta de la Olla.<\/p>\n<\/div>\n<\/div>\n<!-- AddThis Advanced Settings generic via filter on the_content --><!-- AddThis Share Buttons generic via filter on the_content -->","protected":false},"excerpt":{"rendered":"<p>La asociaci\u00f3n placentina de senderismo El Bord\u00f3n\u00a0 se adentrar\u00e1 este domingo por el antiguo camino de Yuste para llegar hasta la localidad cacere\u00f1a de Garganta la Olla.Los caminantes recorrer\u00e1n 14 kil\u00f3metros por &#8220;anchos&#8221; caminos de la comarca de La Vera. Seg\u00fan informa la organizaci\u00f3n en una nota de prensa, los participantes cruzar\u00e1n un puente de [&hellip;]<!-- AddThis Advanced Settings generic via filter on get_the_excerpt --><!-- AddThis Share Buttons generic via filter on get_the_excerpt --><\/p>\n","protected":false},"author":27,"featured_media":0,"comment_status":"open","ping_status":"closed","sticky":false,"template":"","format":"standard","meta":[],"categories":[4],"tags":[821,836,906,917,1035],"_links":{"self":[{"href":"https:\/\/blogs.hoy.es\/senderosextremadura\/wp-json\/wp\/v2\/posts\/1187"}],"collection":[{"href":"https:\/\/blogs.hoy.es\/senderosextremadura\/wp-json\/wp\/v2\/posts"}],"about":[{"href":"https:\/\/blogs.hoy.es\/senderosextremadura\/wp-json\/wp\/v2\/types\/post"}],"author":[{"embeddable":true,"href":"https:\/\/blogs.hoy.es\/senderosextremadura\/wp-json\/wp\/v2\/users\/27"}],"replies":[{"embeddable":true,"href":"https:\/\/blogs.hoy.es\/senderosextremadura\/wp-json\/wp\/v2\/comments?post=1187"}],"version-history":[{"count":0,"href":"https:\/\/blogs.hoy.es\/senderosextremadura\/wp-json\/wp\/v2\/posts\/1187\/revisions"}],"wp:attachment":[{"href":"https:\/\/blogs.hoy.es\/senderosextremadura\/wp-json\/wp\/v2\/media?parent=1187"}],"wp:term":[{"taxonomy":"category","embeddable":true,"href":"https:\/\/blogs.hoy.es\/senderosextremadura\/wp-json\/wp\/v2\/categories?post=1187"},{"taxonomy":"post_tag","embeddable":true,"href":"https:\/\/blogs.hoy.es\/senderosextremadura\/wp-json\/wp\/v2\/tags?post=1187"}],"curies":[{"name":"wp","href":"https:\/\/api.w.org\/{rel}","templated":true}]}}