{"id":1190,"date":"2013-01-27T16:40:42","date_gmt":"2013-01-27T16:40:42","guid":{"rendered":"http:\/\/blogs.hoy.es\/senderosextremadura\/?p=1190"},"modified":"2013-01-27T16:40:42","modified_gmt":"2013-01-27T16:40:42","slug":"el-el-banco-de-alimentos-de-caceres-recibe-los-6-310-euros-recaudados-por-la-vereina","status":"publish","type":"post","link":"https:\/\/blogs.hoy.es\/senderosextremadura\/2013\/01\/27\/el-el-banco-de-alimentos-de-caceres-recibe-los-6-310-euros-recaudados-por-la-vereina\/","title":{"rendered":"El Banco de Alimentos de C\u00e1ceres recibe los 6.310 euros recaudados por La Vere\u00edna"},"content":{"rendered":"<div id=\"attachment_1192\" style=\"width: 410px\" class=\"wp-caption aligncenter\"><a href=\"https:\/\/blogs.hoy.es\/senderosextremadura\/2013\/01\/27\/el-el-banco-de-alimentos-de-caceres-recibe-los-6-310-euros-recaudados-por-la-vereina\/solidarioss\/\" rel=\"attachment wp-att-1192\"><img aria-describedby=\"caption-attachment-1192\" loading=\"lazy\" class=\"size-full wp-image-1192\" title=\"Entrega de la recaudaci\u00f3n al Banco de Alimentos. \/ LA VERE\u00cdNA\" src=\"\/senderosextremadura\/wp-content\/uploads\/sites\/22\/2013\/01\/solidarioss.jpg\" alt=\"Entrega de la recaudaci\u00f3n al Banco de Alimentos. \/ LA VERE\u00cdNA\" width=\"400\" height=\"300\" srcset=\"https:\/\/static-blogs.hoy.es\/wp-content\/uploads\/sites\/22\/2013\/01\/solidarioss.jpg 400w, https:\/\/static-blogs.hoy.es\/wp-content\/uploads\/sites\/22\/2013\/01\/solidarioss-300x225.jpg 300w\" sizes=\"(max-width: 400px) 100vw, 400px\" \/><\/a><p id=\"caption-attachment-1192\" class=\"wp-caption-text\">Entrega de la recaudaci\u00f3n al Banco de Alimentos. \/ LA VERE\u00cdNA<\/p><\/div>\n<p>El pasado viernes d\u00eda 25 miembros del <strong>club deportivo La Vere\u00edna<\/strong> \u00a0se reunieron en la \u00a0nos reunimos en el Hotel Don Carlos los \u00a0con la directiva del <strong>Banco de Alimentos de C\u00e1ceres<\/strong> para hacer \u00a0entrega del dinero recaudado en la <a href=\"https:\/\/blogs.hoy.es\/senderosextremadura\/2013\/01\/21\/la-ciclogenes-no-pudo-con-la-ii-ruta-solidaria-de-la-vereina\/\"><strong>II Ruta Solidaria<\/strong><\/a>. Gracias a los m\u00e1s de <strong>650 senderistas que participaron<\/strong>, pese a las inclemencias del tiempo, y los \u201casientos cero\u201d que quisieron estar presentes de una manera u otra, la asociaci\u00f3n senderista logr\u00f3 alcanzar m\u00e1s de mil inscripciones que se tradujeron en 6.310 euros de ayuda.<\/p>\n<p>NOTICIA<\/p>\n<h4><a href=\"https:\/\/blogs.hoy.es\/senderosextremadura\/2013\/01\/21\/la-ciclogenes-no-pudo-con-la-ii-ruta-solidaria-de-la-vereina\/\">La ciclog\u00e9nesis no pudo con la II Ruta Solidaria de La Vere\u00edna<\/a><\/h4>\n<p>GALER\u00cdA<\/p>\n<h4><a title=\"II Ruta Solidaria de La Vere\u00edna (C\u00e1ceres)\" href=\"http:\/\/www.hoy.es\/multimedia\/fotos\/caceres\/113620-ruta-solidaria-vereina-caceres-0.html\" target=\"_blank\" rel=\"external nofollow\">II Ruta Solidaria de La Vere\u00edna (C\u00e1ceres)<\/a><\/h4>\n<p>&nbsp;<\/p>\n<p>&nbsp;<\/p>\n<!-- AddThis Advanced Settings generic via filter on the_content --><!-- AddThis Share Buttons generic via filter on the_content -->","protected":false},"excerpt":{"rendered":"<p>El pasado viernes d\u00eda 25 miembros del club deportivo La Vere\u00edna \u00a0se reunieron en la \u00a0nos reunimos en el Hotel Don Carlos los \u00a0con la directiva del Banco de Alimentos de C\u00e1ceres para hacer \u00a0entrega del dinero recaudado en la II Ruta Solidaria. Gracias a los m\u00e1s de 650 senderistas que participaron, pese a las [&hellip;]<!-- AddThis Advanced Settings generic via filter on get_the_excerpt --><!-- AddThis Share Buttons generic via filter on get_the_excerpt --><\/p>\n","protected":false},"author":27,"featured_media":0,"comment_status":"open","ping_status":"closed","sticky":false,"template":"","format":"standard","meta":[],"categories":[3],"tags":[121,301,435,785],"_links":{"self":[{"href":"https:\/\/blogs.hoy.es\/senderosextremadura\/wp-json\/wp\/v2\/posts\/1190"}],"collection":[{"href":"https:\/\/blogs.hoy.es\/senderosextremadura\/wp-json\/wp\/v2\/posts"}],"about":[{"href":"https:\/\/blogs.hoy.es\/senderosextremadura\/wp-json\/wp\/v2\/types\/post"}],"author":[{"embeddable":true,"href":"https:\/\/blogs.hoy.es\/senderosextremadura\/wp-json\/wp\/v2\/users\/27"}],"replies":[{"embeddable":true,"href":"https:\/\/blogs.hoy.es\/senderosextremadura\/wp-json\/wp\/v2\/comments?post=1190"}],"version-history":[{"count":0,"href":"https:\/\/blogs.hoy.es\/senderosextremadura\/wp-json\/wp\/v2\/posts\/1190\/revisions"}],"wp:attachment":[{"href":"https:\/\/blogs.hoy.es\/senderosextremadura\/wp-json\/wp\/v2\/media?parent=1190"}],"wp:term":[{"taxonomy":"category","embeddable":true,"href":"https:\/\/blogs.hoy.es\/senderosextremadura\/wp-json\/wp\/v2\/categories?post=1190"},{"taxonomy":"post_tag","embeddable":true,"href":"https:\/\/blogs.hoy.es\/senderosextremadura\/wp-json\/wp\/v2\/tags?post=1190"}],"curies":[{"name":"wp","href":"https:\/\/api.w.org\/{rel}","templated":true}]}}