{"id":1193,"date":"2013-01-28T09:37:50","date_gmt":"2013-01-28T09:37:50","guid":{"rendered":"http:\/\/blogs.hoy.es\/senderosextremadura\/?p=1193"},"modified":"2013-01-28T09:37:50","modified_gmt":"2013-01-28T09:37:50","slug":"senderistas-de-salvaleon-recorreran-el-camino-de-santiago-en-agosto","status":"publish","type":"post","link":"https:\/\/blogs.hoy.es\/senderosextremadura\/2013\/01\/28\/senderistas-de-salvaleon-recorreran-el-camino-de-santiago-en-agosto\/","title":{"rendered":"Senderistas de Salvale\u00f3n recorrer\u00e1n el Camino de Santiago en agosto"},"content":{"rendered":"<p>Os dejamos el cartel que ha preparado la <strong>Asociaci\u00f3n de Senderismo &#8216;El Encinar&#8217;, de Salvale\u00f3n<\/strong>, para anunciar que este verano recorrer\u00e1n el<strong> Camino de Santiago<\/strong>. En total recorrer\u00e1n cien kil\u00f3metros en cinco jornadas. La actividad est\u00e1 programada para la primera quincena de agosto.<\/p>\n<p><a href=\"https:\/\/blogs.hoy.es\/senderosextremadura\/2013\/01\/28\/senderistas-de-salvaleon-recorreran-el-camino-de-santiago-en-agosto\/camino-santiago\/\" rel=\"attachment wp-att-1194\"><img loading=\"lazy\" class=\"aligncenter  wp-image-1194\" title=\"camino-santiago\" src=\"\/senderosextremadura\/wp-content\/uploads\/sites\/22\/2013\/01\/camino-santiago.jpg\" alt=\"\" width=\"610\" height=\"864\" srcset=\"https:\/\/static-blogs.hoy.es\/wp-content\/uploads\/sites\/22\/2013\/01\/camino-santiago.jpg 677w, https:\/\/static-blogs.hoy.es\/wp-content\/uploads\/sites\/22\/2013\/01\/camino-santiago-212x300.jpg 212w, https:\/\/static-blogs.hoy.es\/wp-content\/uploads\/sites\/22\/2013\/01\/camino-santiago-600x851.jpg 600w\" sizes=\"(max-width: 610px) 100vw, 610px\" \/><\/a><\/p>\n<!-- AddThis Advanced Settings generic via filter on the_content --><!-- AddThis Share Buttons generic via filter on the_content -->","protected":false},"excerpt":{"rendered":"<p>Os dejamos el cartel que ha preparado la Asociaci\u00f3n de Senderismo &#8216;El Encinar&#8217;, de Salvale\u00f3n, para anunciar que este verano recorrer\u00e1n el Camino de Santiago. En total recorrer\u00e1n cien kil\u00f3metros en cinco jornadas. La actividad est\u00e1 programada para la primera quincena de agosto.<!-- AddThis Advanced Settings generic via filter on get_the_excerpt --><!-- AddThis Share Buttons generic via filter on get_the_excerpt --><\/p>\n","protected":false},"author":27,"featured_media":0,"comment_status":"open","ping_status":"closed","sticky":false,"template":"","format":"standard","meta":[],"categories":[3],"tags":[],"_links":{"self":[{"href":"https:\/\/blogs.hoy.es\/senderosextremadura\/wp-json\/wp\/v2\/posts\/1193"}],"collection":[{"href":"https:\/\/blogs.hoy.es\/senderosextremadura\/wp-json\/wp\/v2\/posts"}],"about":[{"href":"https:\/\/blogs.hoy.es\/senderosextremadura\/wp-json\/wp\/v2\/types\/post"}],"author":[{"embeddable":true,"href":"https:\/\/blogs.hoy.es\/senderosextremadura\/wp-json\/wp\/v2\/users\/27"}],"replies":[{"embeddable":true,"href":"https:\/\/blogs.hoy.es\/senderosextremadura\/wp-json\/wp\/v2\/comments?post=1193"}],"version-history":[{"count":0,"href":"https:\/\/blogs.hoy.es\/senderosextremadura\/wp-json\/wp\/v2\/posts\/1193\/revisions"}],"wp:attachment":[{"href":"https:\/\/blogs.hoy.es\/senderosextremadura\/wp-json\/wp\/v2\/media?parent=1193"}],"wp:term":[{"taxonomy":"category","embeddable":true,"href":"https:\/\/blogs.hoy.es\/senderosextremadura\/wp-json\/wp\/v2\/categories?post=1193"},{"taxonomy":"post_tag","embeddable":true,"href":"https:\/\/blogs.hoy.es\/senderosextremadura\/wp-json\/wp\/v2\/tags?post=1193"}],"curies":[{"name":"wp","href":"https:\/\/api.w.org\/{rel}","templated":true}]}}