{"id":1205,"date":"2013-02-06T10:40:00","date_gmt":"2013-02-06T10:40:00","guid":{"rendered":"http:\/\/blogs.hoy.es\/senderosextremadura\/?p=1205"},"modified":"2013-02-06T10:40:00","modified_gmt":"2013-02-06T10:40:00","slug":"ruta-a-la-cueva-del-lucio-en-oliva-de-merida-3-de-febrero","status":"publish","type":"post","link":"https:\/\/blogs.hoy.es\/senderosextremadura\/2013\/02\/06\/ruta-a-la-cueva-del-lucio-en-oliva-de-merida-3-de-febrero\/","title":{"rendered":"Ruta a la cueva de la Charneca, en Oliva de M\u00e9rida"},"content":{"rendered":"<div>\n<p>\u00a0<a href=\"https:\/\/blogs.hoy.es\/senderosextremadura\/2013\/02\/06\/ruta-a-la-cueva-del-lucio-en-oliva-de-merida-3-de-febrero\/cuv5_1813979934_n\/\" rel=\"attachment wp-att-1223\"><img loading=\"lazy\" class=\"aligncenter  wp-image-1223\" title=\"cuv5_1813979934_n\" src=\"\/senderosextremadura\/wp-content\/uploads\/sites\/22\/2013\/02\/cuv5_1813979934_n.jpg\" alt=\"\" width=\"526\" height=\"350\" srcset=\"https:\/\/static-blogs.hoy.es\/wp-content\/uploads\/sites\/22\/2013\/02\/cuv5_1813979934_n.jpg 960w, https:\/\/static-blogs.hoy.es\/wp-content\/uploads\/sites\/22\/2013\/02\/cuv5_1813979934_n-300x200.jpg 300w, https:\/\/static-blogs.hoy.es\/wp-content\/uploads\/sites\/22\/2013\/02\/cuv5_1813979934_n-768x512.jpg 768w, https:\/\/static-blogs.hoy.es\/wp-content\/uploads\/sites\/22\/2013\/02\/cuv5_1813979934_n-600x400.jpg 600w\" sizes=\"(max-width: 526px) 100vw, 526px\" \/><\/a><span style=\"font-size: medium;\"><strong><a href=\"https:\/\/blogs.hoy.es\/senderosextremadura\/2013\/02\/06\/ruta-a-la-cueva-del-lucio-en-oliva-de-merida-3-de-febrero\/cuv_324311577670069_1056230716_n\/\" rel=\"attachment wp-att-1222\"><img loading=\"lazy\" class=\"aligncenter  wp-image-1222\" title=\"cuv_324311577670069_1056230716_n\" src=\"\/senderosextremadura\/wp-content\/uploads\/sites\/22\/2013\/01\/cuv_324311577670069_1056230716_n.jpg\" alt=\"\" width=\"527\" height=\"351\" srcset=\"https:\/\/static-blogs.hoy.es\/wp-content\/uploads\/sites\/22\/2013\/01\/cuv_324311577670069_1056230716_n.jpg 960w, https:\/\/static-blogs.hoy.es\/wp-content\/uploads\/sites\/22\/2013\/01\/cuv_324311577670069_1056230716_n-300x200.jpg 300w, https:\/\/static-blogs.hoy.es\/wp-content\/uploads\/sites\/22\/2013\/01\/cuv_324311577670069_1056230716_n-768x512.jpg 768w, https:\/\/static-blogs.hoy.es\/wp-content\/uploads\/sites\/22\/2013\/01\/cuv_324311577670069_1056230716_n-600x400.jpg 600w\" sizes=\"(max-width: 527px) 100vw, 527px\" \/><\/a><\/strong><\/span><\/p>\n<p><span style=\"font-size: medium;\"><strong><a id=\"js_32\" href=\"http:\/\/www.facebook.com\/senderismo.valdearenales\" data-hovercard=\"\/ajax\/hovercard\/hovercard.php?id=100002572821111\" rel=\"external nofollow\">Senderismo Valdearenales<\/a><\/strong> (Guare\u00f1a) realiz\u00f3 el pasado domingo una ruta por <strong>Oliva de M\u00e9rida. El municipio pacense (2.000 habitantes) <\/strong>se localiza en un \u00e1mbito accidentado de las sierras de Pe\u00f1as Blancas y del Conde, abri\u00e9ndose hacia los territorios de Medell\u00edn y Don Benito.\u00a0Su entorno es agreste y de acusado atractivo paisaj\u00edstico. En la crester\u00eda de la Sierra del Esp\u00edritu Santo perduran vestigios de lo que se supone una fortificaci\u00f3n musulmana, en tanto que en la de <em>Los Escolares<\/em>, por el <em>camino de Vistalegre<\/em>, se encuentran abundantes grutas como las de la Charneca y el Trago, de interior a\u00fan no explorado. <\/span><\/p>\n<p><span style=\"font-size: medium;\">Los senderistas de Guare\u00f1a ten\u00edan previsto visitar la <strong>Cueva del Lucio<\/strong>, pero finalmente visitaron la cueva de la Charneca. En el municipio pacense existen tres cuevas,\u00a0 la del Trago, la de la Charneca y la cueva del Lucio,\u00a0 en la <strong>sierra del Conde<\/strong>.<\/span><\/p>\n<p><span style=\"font-size: medium;\"><br \/>\n<\/span><\/p>\n<\/div>\n<div><span style=\"font-size: medium;\"><strong>M\u00e1s informaci\u00f3n en<em><span style=\"text-decoration: underline;\">\u00a0<a href=\"http:\/\/clubdesendederismovaldearenales.blogspot.com.es\/\" rel=\"external nofollow\"><em>Clubdesenderismovaldearenales.blogspot.com<\/em><\/a><\/span><\/em><\/strong><\/span><\/div>\n<div><\/div>\n<div><\/div>\n<!-- AddThis Advanced Settings generic via filter on the_content --><!-- AddThis Share Buttons generic via filter on the_content -->","protected":false},"excerpt":{"rendered":"<p>\u00a0 Senderismo Valdearenales (Guare\u00f1a) realiz\u00f3 el pasado domingo una ruta por Oliva de M\u00e9rida. El municipio pacense (2.000 habitantes) se localiza en un \u00e1mbito accidentado de las sierras de Pe\u00f1as Blancas y del Conde, abri\u00e9ndose hacia los territorios de Medell\u00edn y Don Benito.\u00a0Su entorno es agreste y de acusado atractivo paisaj\u00edstico. En la crester\u00eda de [&hellip;]<!-- AddThis Advanced Settings generic via filter on get_the_excerpt --><!-- AddThis Share Buttons generic via filter on get_the_excerpt --><\/p>\n","protected":false},"author":27,"featured_media":0,"comment_status":"open","ping_status":"closed","sticky":false,"template":"","format":"standard","meta":[],"categories":[3],"tags":[],"_links":{"self":[{"href":"https:\/\/blogs.hoy.es\/senderosextremadura\/wp-json\/wp\/v2\/posts\/1205"}],"collection":[{"href":"https:\/\/blogs.hoy.es\/senderosextremadura\/wp-json\/wp\/v2\/posts"}],"about":[{"href":"https:\/\/blogs.hoy.es\/senderosextremadura\/wp-json\/wp\/v2\/types\/post"}],"author":[{"embeddable":true,"href":"https:\/\/blogs.hoy.es\/senderosextremadura\/wp-json\/wp\/v2\/users\/27"}],"replies":[{"embeddable":true,"href":"https:\/\/blogs.hoy.es\/senderosextremadura\/wp-json\/wp\/v2\/comments?post=1205"}],"version-history":[{"count":0,"href":"https:\/\/blogs.hoy.es\/senderosextremadura\/wp-json\/wp\/v2\/posts\/1205\/revisions"}],"wp:attachment":[{"href":"https:\/\/blogs.hoy.es\/senderosextremadura\/wp-json\/wp\/v2\/media?parent=1205"}],"wp:term":[{"taxonomy":"category","embeddable":true,"href":"https:\/\/blogs.hoy.es\/senderosextremadura\/wp-json\/wp\/v2\/categories?post=1205"},{"taxonomy":"post_tag","embeddable":true,"href":"https:\/\/blogs.hoy.es\/senderosextremadura\/wp-json\/wp\/v2\/tags?post=1205"}],"curies":[{"name":"wp","href":"https:\/\/api.w.org\/{rel}","templated":true}]}}