{"id":1212,"date":"2013-04-06T11:49:16","date_gmt":"2013-04-06T11:49:16","guid":{"rendered":"http:\/\/blogs.hoy.es\/senderosextremadura\/?p=1212"},"modified":"2013-04-06T11:49:16","modified_gmt":"2013-04-06T11:49:16","slug":"las-lxvii-millas-romanas-se-celebraran-el-5-de-abril","status":"publish","type":"post","link":"https:\/\/blogs.hoy.es\/senderosextremadura\/2013\/04\/06\/las-lxvii-millas-romanas-se-celebraran-el-5-de-abril\/","title":{"rendered":"Las LXVII Millas Romanas se celebrar\u00e1n el 5 de abril"},"content":{"rendered":"<p><a href=\"https:\/\/blogs.hoy.es\/senderosextremadura\/2013\/04\/06\/las-lxvii-millas-romanas-se-celebraran-el-5-de-abril\/millas\/\" rel=\"attachment wp-att-1214\"><img loading=\"lazy\" class=\"aligncenter  wp-image-1214\" title=\"\" src=\"\/senderosextremadura\/wp-content\/uploads\/sites\/22\/2013\/02\/MILLAS.jpg\" alt=\"\" width=\"614\" height=\"407\" srcset=\"https:\/\/static-blogs.hoy.es\/wp-content\/uploads\/sites\/22\/2013\/02\/MILLAS.jpg 1276w, https:\/\/static-blogs.hoy.es\/wp-content\/uploads\/sites\/22\/2013\/02\/MILLAS-300x199.jpg 300w, https:\/\/static-blogs.hoy.es\/wp-content\/uploads\/sites\/22\/2013\/02\/MILLAS-768x510.jpg 768w, https:\/\/static-blogs.hoy.es\/wp-content\/uploads\/sites\/22\/2013\/02\/MILLAS-600x398.jpg 600w\" sizes=\"(max-width: 614px) 100vw, 614px\" \/><\/a><\/p>\n<p>El <a href=\"http:\/\/www.caminoplata.com\/node\/79\" target=\"_blank\" rel=\"external nofollow\"><strong>Club de Senderismo Camino de la Plata de M\u00e9rida<\/strong><\/a> organiza la XV Edici\u00f3n de las LXVII Millas Romanas. Se recorrer\u00e1n cien kil\u00f3metros y se realizar\u00e1 siguiendo caminos, senderos y alg\u00fan peque\u00f1o tramo de carretera.<\/p>\n<p>La hora de salida ser\u00e1 a las 21:00 horas del <strong>viernes d\u00eda 5 de abril desde la Plaza de Espa\u00f1a de M\u00e9rida<\/strong>. La prueba tambi\u00e9n recoge una salida especial para los que quieran hacer el tercer recorrido de XXX millas romanas (44 Km.) el s\u00e1bado 6 de abril a las 10:00 horas desde el Polideportivo Diocles de M\u00e9rida.<\/p>\n<p>El n\u00famero <strong>m\u00e1ximo de participantes ser\u00e1n 450<\/strong> para las LXVII millas romanas y 50 para la mini, siendo 18 a\u00f1os la edad m\u00ednima para participar en ambas pruebas.<\/p>\n<p>El tr\u00e1fico no permanecer\u00e1 cortado durante la celebraci\u00f3n de la prueba, por lo que los participantes deber\u00e1n velar por su seguridad al cruzar algunas carreteras. Los cruces ser\u00e1n\u00a0 se\u00f1alizados debidamente aunque siempre es aconsejable observar prudencia. Tambi\u00e9n contaremos en algunos momentos, con los integrantes del Servicio de Protecci\u00f3n Civil.<\/p>\n<p>&nbsp;<\/p>\n<p>&nbsp;<\/p>\n<p>M\u00c1S INFORMACI\u00d3N EN<\/p>\n<p><strong><a href=\"http:\/\/www.caminoplata.com\/node\/79\" target=\"_blank\" rel=\"external nofollow\">http:\/\/www.caminoplata.com\/node\/79<\/a><\/strong><\/p>\n<!-- AddThis Advanced Settings generic via filter on the_content --><!-- AddThis Share Buttons generic via filter on the_content -->","protected":false},"excerpt":{"rendered":"<p>El Club de Senderismo Camino de la Plata de M\u00e9rida organiza la XV Edici\u00f3n de las LXVII Millas Romanas. Se recorrer\u00e1n cien kil\u00f3metros y se realizar\u00e1 siguiendo caminos, senderos y alg\u00fan peque\u00f1o tramo de carretera. La hora de salida ser\u00e1 a las 21:00 horas del viernes d\u00eda 5 de abril desde la Plaza de Espa\u00f1a [&hellip;]<!-- AddThis Advanced Settings generic via filter on get_the_excerpt --><!-- AddThis Share Buttons generic via filter on get_the_excerpt --><\/p>\n","protected":false},"author":27,"featured_media":0,"comment_status":"open","ping_status":"closed","sticky":false,"template":"","format":"standard","meta":[],"categories":[4],"tags":[495,500,873,917],"_links":{"self":[{"href":"https:\/\/blogs.hoy.es\/senderosextremadura\/wp-json\/wp\/v2\/posts\/1212"}],"collection":[{"href":"https:\/\/blogs.hoy.es\/senderosextremadura\/wp-json\/wp\/v2\/posts"}],"about":[{"href":"https:\/\/blogs.hoy.es\/senderosextremadura\/wp-json\/wp\/v2\/types\/post"}],"author":[{"embeddable":true,"href":"https:\/\/blogs.hoy.es\/senderosextremadura\/wp-json\/wp\/v2\/users\/27"}],"replies":[{"embeddable":true,"href":"https:\/\/blogs.hoy.es\/senderosextremadura\/wp-json\/wp\/v2\/comments?post=1212"}],"version-history":[{"count":0,"href":"https:\/\/blogs.hoy.es\/senderosextremadura\/wp-json\/wp\/v2\/posts\/1212\/revisions"}],"wp:attachment":[{"href":"https:\/\/blogs.hoy.es\/senderosextremadura\/wp-json\/wp\/v2\/media?parent=1212"}],"wp:term":[{"taxonomy":"category","embeddable":true,"href":"https:\/\/blogs.hoy.es\/senderosextremadura\/wp-json\/wp\/v2\/categories?post=1212"},{"taxonomy":"post_tag","embeddable":true,"href":"https:\/\/blogs.hoy.es\/senderosextremadura\/wp-json\/wp\/v2\/tags?post=1212"}],"curies":[{"name":"wp","href":"https:\/\/api.w.org\/{rel}","templated":true}]}}