{"id":1215,"date":"2013-02-06T12:10:21","date_gmt":"2013-02-06T12:10:21","guid":{"rendered":"http:\/\/blogs.hoy.es\/senderosextremadura\/?p=1215"},"modified":"2013-02-06T12:10:21","modified_gmt":"2013-02-06T12:10:21","slug":"calendario-de-rutas-y-actividades-de-la-asociacion-andares-para-2013","status":"publish","type":"post","link":"https:\/\/blogs.hoy.es\/senderosextremadura\/2013\/02\/06\/calendario-de-rutas-y-actividades-de-la-asociacion-andares-para-2013\/","title":{"rendered":"Calendario de rutas y actividades de la Asociaci\u00f3n Andares para 2013"},"content":{"rendered":"<div id=\"attachment_1216\" style=\"width: 549px\" class=\"wp-caption aligncenter\"><a href=\"https:\/\/blogs.hoy.es\/senderosextremadura\/2013\/02\/06\/calendario-de-rutas-y-actividades-de-la-asociacion-andares-para-2013\/limpieza\/\" rel=\"attachment wp-att-1216\"><img aria-describedby=\"caption-attachment-1216\" loading=\"lazy\" class=\" wp-image-1216\" title=\"Jornadas de limpieza en la dehesa de Montehermoso\" src=\"\/senderosextremadura\/wp-content\/uploads\/sites\/22\/2013\/02\/limpieza.jpg\" alt=\"Jornadas de limpieza en la dehesa de Montehermoso\" width=\"539\" height=\"357\" srcset=\"https:\/\/static-blogs.hoy.es\/wp-content\/uploads\/sites\/22\/2013\/02\/limpieza.jpg 1276w, https:\/\/static-blogs.hoy.es\/wp-content\/uploads\/sites\/22\/2013\/02\/limpieza-300x199.jpg 300w, https:\/\/static-blogs.hoy.es\/wp-content\/uploads\/sites\/22\/2013\/02\/limpieza-768x510.jpg 768w, https:\/\/static-blogs.hoy.es\/wp-content\/uploads\/sites\/22\/2013\/02\/limpieza-600x398.jpg 600w\" sizes=\"(max-width: 539px) 100vw, 539px\" \/><\/a><p id=\"caption-attachment-1216\" class=\"wp-caption-text\">Jornadas de limpieza en la dehesa de Montehermoso<\/p><\/div>\n<p><span style=\"font-size: medium;\">La <strong>Asociaci\u00f3n Andares de Montehermoso<\/strong> quiere compartir con todos los lectores Senderos por Extremadura su calendario de activiades para este a\u00f1o. En enero realizaron una ruta por la localidad cacere\u00f1a y otra por los parajes de Santib\u00e1\u00f1ez el Alto desde el embalse de Bomboll\u00f3n.<\/span><\/p>\n<p><!--more--><\/p>\n<p><span style=\"text-decoration: underline;\"><strong>FEBRERO<\/strong><\/span><\/p>\n<p>Domingo 17<\/p>\n<p><strong><em>V Jornadas de Limpieza en la Dehesa<\/em><\/strong><\/p>\n<p>M\u00edercoles 20 y jueves 21<\/p>\n<p><strong><em>Jornadas de Reforestaci\u00f3n con el IES Gabriel y Gal\u00e1n de Montehermoso<\/em><\/strong><\/p>\n<p><em>Programa Comenius<\/em><\/p>\n<p>Domingo 24<\/p>\n<p><strong><em>Ruta por Monfrag\u00fce<\/em><\/strong><\/p>\n<p><span style=\"text-decoration: underline;\"><strong>MARZO<\/strong><\/span><\/p>\n<p>Domingo 10<\/p>\n<p><strong><em>Ruta por Las Batuecas<\/em><\/strong><\/p>\n<p>Domingo 17<\/p>\n<p><strong><em>Ruta de Bienvenida a La Primavera<\/em><\/strong><\/p>\n<p>Domingo 24<\/p>\n<p><strong><em>Ruta del Cerezo en Flor (Cabezuela \u2013 Gargantilla. Ruta de Las Juder\u00edas)<\/em><\/strong><\/p>\n<p>29, 30 y 31<\/p>\n<p><strong><em>Fin de Semana en Los Lagos de Sanabria<\/em><\/strong><\/p>\n<p><span style=\"text-decoration: underline;\"><strong>ABRIL<\/strong><\/span><\/p>\n<p>Domingo 7<\/p>\n<p><strong><em>Ruta por Las Villuercas<\/em><\/strong><\/p>\n<p>Domingo 21<\/p>\n<p><strong><em>Ruta a Las Potras<\/em><\/strong><\/p>\n<p>Domingo 28<\/p>\n<p><strong><em>X Jornadas de Convivencia de Andares<\/em><\/strong><\/p>\n<p><span style=\"text-decoration: underline;\"><strong>MAYO<\/strong><\/span><\/p>\n<p>Domingo 5<\/p>\n<p><strong><em>Ruta por Gredos (5 Lagunas)<\/em><\/strong><\/p>\n<p>Domingo 19<\/p>\n<p><strong><em>Camino de Extremadura (Bejar)<\/em><\/strong><\/p>\n<p><span style=\"text-decoration: underline;\"><strong>JUNIO<\/strong><\/span><\/p>\n<p>Domingo 9<\/p>\n<p><strong><em>Ruta por Gredos (Traves\u00eda Nogal del Barranco-Los Galayos-Puerto del Pe\u00f3n-Mingo<\/em><\/strong><\/p>\n<p><strong><em>Fernando)<\/em><\/strong><\/p>\n<p><span style=\"text-decoration: underline;\"><strong>JULIO<\/strong><\/span><\/p>\n<p>S\u00e1bado 20<\/p>\n<p><strong><em>X Ruta Nocturna de una noche de verano<\/em><\/strong><\/p>\n<p>Domingo 28<\/p>\n<p><strong><em>IX Ruta del Est\u00edo<\/em><\/strong><\/p>\n<p><span style=\"text-decoration: underline;\"><strong>AGOSTO<\/strong><\/span><\/p>\n<p>S\u00e1bado 10<\/p>\n<p><strong><em>Ruta Patrimonial<\/em><\/strong><\/p>\n<p><span style=\"text-decoration: underline;\"><strong>SEPTIEMBRE<\/strong><\/span><\/p>\n<p>5,6,7,8, y 9<\/p>\n<p><strong><em>Ruta Nacional<\/em><\/strong><\/p>\n<p>Domingo 29<\/p>\n<p><strong><em>Ruta por Gredos (Laguna de los Caballeros)<\/em><\/strong><\/p>\n<p><span style=\"text-decoration: underline;\"><strong>OCTUBRE<\/strong><\/span><\/p>\n<p>Domingo 13<\/p>\n<p><strong><em>Mina \u201cLa Jayona\u201d<\/em><\/strong><\/p>\n<p>Domingo 27<\/p>\n<p><strong><em>Hoyamoros<\/em><\/strong><\/p>\n<p><span style=\"text-decoration: underline;\"><strong>NOVIEMBRE<\/strong><\/span><\/p>\n<p>Domingo 10<\/p>\n<p><strong><em>Ruta por la Sierra de Gata (Hoyos \u2013 Tr\u00e9vejo \u2013 Villamiel)<\/em><\/strong><\/p>\n<p>Domingo 24<\/p>\n<p><strong><em>Ruta por las Hurdes<\/em><\/strong><\/p>\n<p><span style=\"text-decoration: underline;\"><strong>DICIEMBRE<\/strong><\/span><\/p>\n<p>S\u00e1bado 7<\/p>\n<p><strong><em>Cena de Fin de Campa\u00f1a<\/em><\/strong><\/p>\n<p>Domingo 15<\/p>\n<p><strong><em>Puesta del Bel\u00e9n de Andares (Ruta y almuerzo campestre de convivencia)<\/em><\/strong><\/p>\n<p>&nbsp;<\/p>\n<p>Pod\u00e9is encontrar m\u00e1s informaci\u00f3n en:<\/p>\n<div>Asociaci\u00f3n Andares<\/div>\n<div>C\/ San Blas, 11 &#8211; 10810<\/div>\n<div>Montehermoso (C\u00e1ceres)<\/div>\n<div>Tel\u00e9fonos 927 675 451 \u2013 659 616 997 \u2013 686 753 791<\/div>\n<div><a href=\"mailto:asociacionandares@hotmail.com\" target=\"_blank\"><strong>asociacionandares@hotmail.com<\/strong><\/a><\/div>\n<div><\/div>\n<p>&nbsp;<\/p>\n<div><\/div>\n<!-- AddThis Advanced Settings generic via filter on the_content --><!-- AddThis Share Buttons generic via filter on the_content -->","protected":false},"excerpt":{"rendered":"<p>La Asociaci\u00f3n Andares de Montehermoso quiere compartir con todos los lectores Senderos por Extremadura su calendario de activiades para este a\u00f1o. En enero realizaron una ruta por la localidad cacere\u00f1a y otra por los parajes de Santib\u00e1\u00f1ez el Alto desde el embalse de Bomboll\u00f3n.<!-- AddThis Advanced Settings generic via filter on get_the_excerpt --><!-- AddThis Share Buttons generic via filter on get_the_excerpt --><\/p>\n","protected":false},"author":27,"featured_media":0,"comment_status":"open","ping_status":"closed","sticky":false,"template":"","format":"standard","meta":[],"categories":[4],"tags":[],"_links":{"self":[{"href":"https:\/\/blogs.hoy.es\/senderosextremadura\/wp-json\/wp\/v2\/posts\/1215"}],"collection":[{"href":"https:\/\/blogs.hoy.es\/senderosextremadura\/wp-json\/wp\/v2\/posts"}],"about":[{"href":"https:\/\/blogs.hoy.es\/senderosextremadura\/wp-json\/wp\/v2\/types\/post"}],"author":[{"embeddable":true,"href":"https:\/\/blogs.hoy.es\/senderosextremadura\/wp-json\/wp\/v2\/users\/27"}],"replies":[{"embeddable":true,"href":"https:\/\/blogs.hoy.es\/senderosextremadura\/wp-json\/wp\/v2\/comments?post=1215"}],"version-history":[{"count":0,"href":"https:\/\/blogs.hoy.es\/senderosextremadura\/wp-json\/wp\/v2\/posts\/1215\/revisions"}],"wp:attachment":[{"href":"https:\/\/blogs.hoy.es\/senderosextremadura\/wp-json\/wp\/v2\/media?parent=1215"}],"wp:term":[{"taxonomy":"category","embeddable":true,"href":"https:\/\/blogs.hoy.es\/senderosextremadura\/wp-json\/wp\/v2\/categories?post=1215"},{"taxonomy":"post_tag","embeddable":true,"href":"https:\/\/blogs.hoy.es\/senderosextremadura\/wp-json\/wp\/v2\/tags?post=1215"}],"curies":[{"name":"wp","href":"https:\/\/api.w.org\/{rel}","templated":true}]}}