{"id":1218,"date":"2013-02-09T16:36:49","date_gmt":"2013-02-09T16:36:49","guid":{"rendered":"http:\/\/blogs.hoy.es\/senderosextremadura\/?p=1218"},"modified":"2013-02-09T16:36:49","modified_gmt":"2013-02-09T16:36:49","slug":"ruta-por-el-valle-del-esperaban-en-las-hurdes-17-de-febrero","status":"publish","type":"post","link":"https:\/\/blogs.hoy.es\/senderosextremadura\/2013\/02\/09\/ruta-por-el-valle-del-esperaban-en-las-hurdes-17-de-febrero\/","title":{"rendered":"Ruta por el Valle del Esperab\u00e1n, en Las Hurdes (17 de febrero)"},"content":{"rendered":"<p><a href=\"https:\/\/blogs.hoy.es\/senderosextremadura\/2013\/02\/09\/ruta-por-el-valle-del-esperaban-en-las-hurdes-17-de-febrero\/hurdes-d\/\" rel=\"attachment wp-att-1236\"><img loading=\"lazy\" class=\"aligncenter  wp-image-1236\" title=\"Imagen del cartel que anuncia la ruta\" src=\"\/senderosextremadura\/wp-content\/uploads\/sites\/22\/2013\/02\/hurdes-d.jpg\" alt=\"\" width=\"546\" height=\"340\" srcset=\"https:\/\/static-blogs.hoy.es\/wp-content\/uploads\/sites\/22\/2013\/02\/hurdes-d.jpg 1280w, https:\/\/static-blogs.hoy.es\/wp-content\/uploads\/sites\/22\/2013\/02\/hurdes-d-300x188.jpg 300w, https:\/\/static-blogs.hoy.es\/wp-content\/uploads\/sites\/22\/2013\/02\/hurdes-d-768x480.jpg 768w, https:\/\/static-blogs.hoy.es\/wp-content\/uploads\/sites\/22\/2013\/02\/hurdes-d-600x375.jpg 600w\" sizes=\"(max-width: 546px) 100vw, 546px\" \/><\/a><\/p>\n<p>El <a href=\"http:\/\/gregoriomaranon.wix.com\/rutavallesperaban\" rel=\"external nofollow\"><strong>IES Gregorio Mara\u00f1\u00f3n de Caminomorisco<\/strong><\/a> ha organizado una ruta por el Valle del Esperab\u00e1n, en la alquer\u00eda hurdana de Pinofranqueado (C\u00e1ceres).<\/p>\n<p><!--more--><\/p>\n<p><strong><strong><span style=\"color: black; font-family: Verdana; font-size: small;\">Hora de salida:<\/span><\/strong><\/strong><span style=\"color: black; font-family: Verdana;\">\u00a0<\/span><span style=\"color: black; font-family: Verdana;\">9:00 horas<\/span><\/p>\n<p><strong><strong><span style=\"color: black; font-family: Verdana; font-size: small;\">Lugar:<\/span><\/strong><\/strong><span style=\"color: black; font-family: Verdana;\">\u00a0<\/span><span style=\"color: black; font-family: Verdana;\">Castillo (Pinofranqueado)<\/span><\/p>\n<p><strong><strong><span style=\"color: black; font-family: Verdana; font-size: small;\">Tipo de ruta:<\/span><\/strong><\/strong><span style=\"color: black; font-family: Verdana;\">\u00a0<\/span><span style=\"color: black; font-family: Verdana;\">circular, salida y meta en Castillo<\/span><\/p>\n<p><strong><strong><span style=\"color: black; font-family: Verdana; font-size: small;\">Distancia:<\/span><\/strong><\/strong><span style=\"color: black; font-family: Verdana;\">\u00a0<\/span><span style=\"color: black; font-family: Verdana;\">23,50 km.<\/span><\/p>\n<p><strong><strong><span style=\"color: black; font-family: Verdana; font-size: small;\">Desnivel positivo:<\/span><\/strong><\/strong><span style=\"color: black; font-family: Verdana;\">\u00a0<\/span><span style=\"color: black; font-family: Verdana;\">1000 metros<\/span><\/p>\n<p><strong><strong><span style=\"color: black; font-family: Verdana; font-size: small;\">Dificultad:<\/span><\/strong><\/strong><span style=\"color: black; font-family: Verdana;\">\u00a0<\/span><span style=\"color: black; font-family: Verdana;\">media-alta<\/span><\/p>\n<p><strong><strong><span style=\"color: black; font-family: Verdana; font-size: small;\">Descripci\u00f3n:<\/span><\/strong><\/strong><span style=\"color: black; font-family: Verdana;\">\u00a0<\/span><span style=\"color: black; font-family: Verdana;\">Esta ruta comienza en Castillo, una alquer\u00eda con encanto de Pinofranqueado y se dirige hacia Er\u00edas por senderos rodeados de huertos de casta\u00f1os y frutales, atravesando arroyos de aguas cristalinas y bosques de pinos, encinas y alcornoques. Nuestro camino remonta el r\u00edo Esperab\u00e1n por la antigua ruta de comercio que un\u00eda la comarca de Las Hurdes y Castilla y Le\u00f3n. Cuando se corona el \u201cpuerto nuevo de Castilla\u201d obtenemos unas panor\u00e1micas espectaculares: al norte Ciudad Rodrigo, al este Las Hurdes y el Valle del Ambroz, al oeste la Serra da Estrela (Portugal), y al sur las comarcas de Sierra de Gata y las tierras de Granadilla. Nuestros pasos nos llevan a ver rincones aut\u00e9nticos en donde se para el tiempo como en los petroglifos, los meandros del r\u00edo, las construcciones hurdanas, el empedrado centenario de sus senderos, las terrazas para los cultivos&#8230;<\/span><\/p>\n<p><span style=\"color: black; font-family: Verdana; font-size: small;\">Volver\u00e1s a casa con la mochila cargada de sensaciones que perdurar\u00e1n en tu memoria.<\/span><\/p>\n<p><strong><strong><span style=\"color: black; font-family: Verdana; font-size: small;\">Inscripciones:<\/span><\/strong><\/strong><span style=\"color: black; font-family: Verdana;\">\u00a0<\/span><span style=\"color: black; font-family: Verdana;\">en \u00a0<\/span><span style=\"color: black;\"><a href=\"http:\/\/gregoriomaranon.wix.com\/rutavallesperaban\" target=\"_blank\" rel=\"external nofollow\"><span style=\"color: #29638c; font-family: Verdana;\">http:\/\/gregoriomaranon.wix.<wbr>com\/rutavallesperaban<\/wbr><\/span><\/a><\/span><span style=\"color: black; font-family: Verdana;\">\u00a0 \u00a0desde el d\u00eda 28 de enero hasta el 12 de febrero<\/span><\/p>\n<p><strong><strong><span style=\"color: black; font-family: Verdana; font-size: small;\">Tel\u00e9fono:<\/span><\/strong><\/strong><strong><span style=\"color: black; font-family: Verdana;\">\u00a0<\/span><\/strong><span style=\"color: black; font-family: Verdana;\">927015722\/23<\/span><\/p>\n<p><strong>\u00a0 \u00a0<span style=\"text-decoration: underline;\">M\u00c1S INFORMACI\u00d3N:<\/span><\/strong><\/p>\n<p><strong><a href=\"http:\/\/gregoriomaranon.wix.com\/rutavallesperaban\" target=\"_blank\" rel=\"external nofollow\">Web oficial de la organizaci\u00f3n (IES Gregorio Mara\u00f1\u00f3n)<\/a><\/strong><\/p>\n<p><a href=\"http:\/\/www.fexme.com\/portal\/Noticias\/tabid\/58\/articleType\/ArticleView\/articleId\/467\/2-Prueba-Circuito-Senderista-2013-Valle-del-Esperaban.aspx\" target=\"_blank\" rel=\"external nofollow\"><strong>Web de la FEXME (Federaci\u00f3n Extreme\u00f1a de Monta\u00f1a y Escalada)<\/strong><\/a><\/p>\n<p>&nbsp;<\/p>\n<p>Fuente: Fexme<\/p>\n<div id=\"attachment_1219\" style=\"width: 675px\" class=\"wp-caption aligncenter\"><a href=\"https:\/\/blogs.hoy.es\/senderosextremadura\/2013\/02\/09\/ruta-por-el-valle-del-esperaban-en-las-hurdes-17-de-febrero\/esperaban\/\" rel=\"attachment wp-att-1219\"><img aria-describedby=\"caption-attachment-1219\" loading=\"lazy\" class=\" wp-image-1219\" title=\"Ficha t\u00e9cnica de la ruta\" src=\"\/senderosextremadura\/wp-content\/uploads\/sites\/22\/2013\/02\/esperaban.jpg\" alt=\"Ficha t\u00e9cnica de la ruta\" width=\"665\" height=\"939\" srcset=\"https:\/\/static-blogs.hoy.es\/wp-content\/uploads\/sites\/22\/2013\/02\/esperaban-212x300.jpg 212w, https:\/\/static-blogs.hoy.es\/wp-content\/uploads\/sites\/22\/2013\/02\/esperaban-768x1086.jpg 768w\" sizes=\"(max-width: 665px) 100vw, 665px\" \/><\/a><p id=\"caption-attachment-1219\" class=\"wp-caption-text\">Ficha t\u00e9cnica de la ruta<\/p><\/div>\n<!-- AddThis Advanced Settings generic via filter on the_content --><!-- AddThis Share Buttons generic via filter on the_content -->","protected":false},"excerpt":{"rendered":"<p>El IES Gregorio Mara\u00f1\u00f3n de Caminomorisco ha organizado una ruta por el Valle del Esperab\u00e1n, en la alquer\u00eda hurdana de Pinofranqueado (C\u00e1ceres).<!-- AddThis Advanced Settings generic via filter on get_the_excerpt --><!-- AddThis Share Buttons generic via filter on get_the_excerpt --><\/p>\n","protected":false},"author":27,"featured_media":0,"comment_status":"open","ping_status":"closed","sticky":false,"template":"","format":"standard","meta":[],"categories":[4],"tags":[444,821,836,906,917,1035],"_links":{"self":[{"href":"https:\/\/blogs.hoy.es\/senderosextremadura\/wp-json\/wp\/v2\/posts\/1218"}],"collection":[{"href":"https:\/\/blogs.hoy.es\/senderosextremadura\/wp-json\/wp\/v2\/posts"}],"about":[{"href":"https:\/\/blogs.hoy.es\/senderosextremadura\/wp-json\/wp\/v2\/types\/post"}],"author":[{"embeddable":true,"href":"https:\/\/blogs.hoy.es\/senderosextremadura\/wp-json\/wp\/v2\/users\/27"}],"replies":[{"embeddable":true,"href":"https:\/\/blogs.hoy.es\/senderosextremadura\/wp-json\/wp\/v2\/comments?post=1218"}],"version-history":[{"count":0,"href":"https:\/\/blogs.hoy.es\/senderosextremadura\/wp-json\/wp\/v2\/posts\/1218\/revisions"}],"wp:attachment":[{"href":"https:\/\/blogs.hoy.es\/senderosextremadura\/wp-json\/wp\/v2\/media?parent=1218"}],"wp:term":[{"taxonomy":"category","embeddable":true,"href":"https:\/\/blogs.hoy.es\/senderosextremadura\/wp-json\/wp\/v2\/categories?post=1218"},{"taxonomy":"post_tag","embeddable":true,"href":"https:\/\/blogs.hoy.es\/senderosextremadura\/wp-json\/wp\/v2\/tags?post=1218"}],"curies":[{"name":"wp","href":"https:\/\/api.w.org\/{rel}","templated":true}]}}