{"id":1228,"date":"2013-03-17T17:58:13","date_gmt":"2013-03-17T17:58:13","guid":{"rendered":"http:\/\/blogs.hoy.es\/senderosextremadura\/?p=1228"},"modified":"2013-03-17T17:58:13","modified_gmt":"2013-03-17T17:58:13","slug":"xiv-edicion-de-la-ruta-del-contrabando-23-de-marzo","status":"publish","type":"post","link":"https:\/\/blogs.hoy.es\/senderosextremadura\/2013\/03\/17\/xiv-edicion-de-la-ruta-del-contrabando-23-de-marzo\/","title":{"rendered":"XIV edici\u00f3n de la Ruta del Contrabando (23 de marzo)"},"content":{"rendered":"<div id=\"attachment_1230\" style=\"width: 570px\" class=\"wp-caption aligncenter\"><a href=\"https:\/\/blogs.hoy.es\/senderosextremadura\/2013\/03\/17\/xiv-edicion-de-la-ruta-del-contrabando-23-de-marzo\/rota-contrabando\/\" rel=\"attachment wp-att-1230\"><img aria-describedby=\"caption-attachment-1230\" loading=\"lazy\" class=\" wp-image-1230\" title=\"Pasada edici\u00f3n de la Ruta del Contrabando. http:\/\/rotacontrabando.blogspot.pt\/\" src=\"\/senderosextremadura\/wp-content\/uploads\/sites\/22\/2013\/02\/rota-contrabando.jpg\" alt=\"Pasada edici\u00f3n de la Ruta del Contrabando. http:\/\/rotacontrabando.blogspot.pt\/\" width=\"560\" height=\"180\" srcset=\"https:\/\/static-blogs.hoy.es\/wp-content\/uploads\/sites\/22\/2013\/02\/rota-contrabando.jpg 930w, https:\/\/static-blogs.hoy.es\/wp-content\/uploads\/sites\/22\/2013\/02\/rota-contrabando-300x97.jpg 300w, https:\/\/static-blogs.hoy.es\/wp-content\/uploads\/sites\/22\/2013\/02\/rota-contrabando-768x248.jpg 768w, https:\/\/static-blogs.hoy.es\/wp-content\/uploads\/sites\/22\/2013\/02\/rota-contrabando-600x194.jpg 600w\" sizes=\"(max-width: 560px) 100vw, 560px\" \/><\/a><p id=\"caption-attachment-1230\" class=\"wp-caption-text\">Pasada edici\u00f3n de la Ruta del Contrabando. http:\/\/rotacontrabando.blogspot.pt\/<\/p><\/div>\n<p>Donde hay frontera hay contrabando. Es la historia contada por los pasos de las personas que transitaron en la oscuridad de la noche siguiendo caminos trazados en la imaginaci\u00f3n en direcci\u00f3n a la Raya.<!--more--><\/p>\n<p>Se aproxima la celebraci\u00f3n de la <strong>XIV edici\u00f3n de la Ruta del Contrabando<\/strong>.\u00a0 La &#8216;Rota do Contrabando&#8217; &#8211; para nuestros vecinos portugueses- se celebrar\u00e1 este a\u00f1o el 23 de marzo. La marcha transfronteiriza se viene realizando durante 13 a\u00f1os consecutivos, ganando participantes a\u00f1o tras a\u00f1os y convirti\u00e9ndose en referte del <strong>concejo de Nisa<\/strong>. Conforme vaya acerc\u00e1ndose m\u00e1s la fecha os daremos m\u00e1s informaci\u00f3n. La marcha discurre entre las localidades de Cedillo (C\u00e1ceres) y <a href=\"http:\/\/rotacontrabando.blogspot.pt\/2013\/02\/junta-de-freguesia-de-montalvao-apoia.html\" target=\"_blank\" rel=\"external nofollow\"><strong>Montalv\u00e3o<\/strong><\/a> \u2013en el concejo portugu\u00e9s de <strong>Nisa<\/strong>-. Se trata de una oportunidad \u00fanica para conocer a senderistas del otro lado de la Raya.<\/p>\n<p>M\u00e1s informaci\u00f3n en:<\/p>\n<p><a href=\"http:\/\/rotacontrabando.blogspot.pt\/\" rel=\"external nofollow\"><strong>http:\/\/rotacontrabando.blogspot.pt\/<\/strong><\/a><\/p>\n<p><strong><a id=\"js_4\" href=\"http:\/\/www.facebook.com\/inijovem\" data-hovercard=\"\/ajax\/hovercard\/page.php?id=233266676704135\" rel=\"external nofollow\">INIJOVEM &#8211; Associa\u00e7\u00e3o para Iniciativas para a Juventude de Nisa<\/a><\/strong><\/p>\n<div>\n<div>\n<div>FECHA L\u00cdMITE PARA INSCRIBIRSE<\/div>\n<\/div>\n<\/div>\n<div><\/div>\n<div><strong>ESPA\u00d1OLES<\/strong> &#8211; 15 de marzo<\/div>\n<div><strong>PORTUGUESES<\/strong> &#8211; 17 de marzo<\/div>\n<div><\/div>\n<div>Hay que rellenar <a href=\"http:\/\/rotacontrabando.blogspot.pt\/p\/download.html\" target=\"_blank\" rel=\"external nofollow\"><strong>este formulario<\/strong><\/a> y presentarlo en el Ayuntamiento de Cedillo<\/div>\n<p>&nbsp;<\/p>\n<p>&nbsp;<\/p>\n<p>&nbsp;<\/p>\n<p>&nbsp;<\/p>\n<p>&nbsp;<\/p>\n<!-- AddThis Advanced Settings generic via filter on the_content --><!-- AddThis Share Buttons generic via filter on the_content -->","protected":false},"excerpt":{"rendered":"<p>Donde hay frontera hay contrabando. Es la historia contada por los pasos de las personas que transitaron en la oscuridad de la noche siguiendo caminos trazados en la imaginaci\u00f3n en direcci\u00f3n a la Raya.<!-- AddThis Advanced Settings generic via filter on get_the_excerpt --><!-- AddThis Share Buttons generic via filter on get_the_excerpt --><\/p>\n","protected":false},"author":27,"featured_media":0,"comment_status":"open","ping_status":"closed","sticky":false,"template":"","format":"standard","meta":[],"categories":[4],"tags":[190,570,709,743,765,781,788,821,836,917],"_links":{"self":[{"href":"https:\/\/blogs.hoy.es\/senderosextremadura\/wp-json\/wp\/v2\/posts\/1228"}],"collection":[{"href":"https:\/\/blogs.hoy.es\/senderosextremadura\/wp-json\/wp\/v2\/posts"}],"about":[{"href":"https:\/\/blogs.hoy.es\/senderosextremadura\/wp-json\/wp\/v2\/types\/post"}],"author":[{"embeddable":true,"href":"https:\/\/blogs.hoy.es\/senderosextremadura\/wp-json\/wp\/v2\/users\/27"}],"replies":[{"embeddable":true,"href":"https:\/\/blogs.hoy.es\/senderosextremadura\/wp-json\/wp\/v2\/comments?post=1228"}],"version-history":[{"count":0,"href":"https:\/\/blogs.hoy.es\/senderosextremadura\/wp-json\/wp\/v2\/posts\/1228\/revisions"}],"wp:attachment":[{"href":"https:\/\/blogs.hoy.es\/senderosextremadura\/wp-json\/wp\/v2\/media?parent=1228"}],"wp:term":[{"taxonomy":"category","embeddable":true,"href":"https:\/\/blogs.hoy.es\/senderosextremadura\/wp-json\/wp\/v2\/categories?post=1228"},{"taxonomy":"post_tag","embeddable":true,"href":"https:\/\/blogs.hoy.es\/senderosextremadura\/wp-json\/wp\/v2\/tags?post=1228"}],"curies":[{"name":"wp","href":"https:\/\/api.w.org\/{rel}","templated":true}]}}