{"id":1231,"date":"2013-02-08T17:14:20","date_gmt":"2013-02-08T17:14:20","guid":{"rendered":"http:\/\/blogs.hoy.es\/senderosextremadura\/?p=1231"},"modified":"2013-02-08T17:14:20","modified_gmt":"2013-02-08T17:14:20","slug":"ruta-por-la-sierra-de-las-corchuelas-monfrague-24-de-febrero","status":"publish","type":"post","link":"https:\/\/blogs.hoy.es\/senderosextremadura\/2013\/02\/08\/ruta-por-la-sierra-de-las-corchuelas-monfrague-24-de-febrero\/","title":{"rendered":"Ruta por la sierra de las Corchuelas, Monfrag\u00fce (24 de febrero)"},"content":{"rendered":"<p><a href=\"https:\/\/blogs.hoy.es\/senderosextremadura\/2013\/02\/08\/ruta-por-la-sierra-de-las-corchuelas-monfrague-24-de-febrero\/monfragues\/\" rel=\"attachment wp-att-1232\"><img loading=\"lazy\" class=\"aligncenter  wp-image-1232\" title=\"\" src=\"\/senderosextremadura\/wp-content\/uploads\/sites\/22\/2013\/02\/MONFRAGUES.jpg\" alt=\"\" width=\"585\" height=\"271\" srcset=\"https:\/\/static-blogs.hoy.es\/wp-content\/uploads\/sites\/22\/2013\/02\/MONFRAGUES.jpg 647w, https:\/\/static-blogs.hoy.es\/wp-content\/uploads\/sites\/22\/2013\/02\/MONFRAGUES-300x139.jpg 300w, https:\/\/static-blogs.hoy.es\/wp-content\/uploads\/sites\/22\/2013\/02\/MONFRAGUES-600x278.jpg 600w\" sizes=\"(max-width: 585px) 100vw, 585px\" \/><\/a><\/p>\n<p>La<a href=\"http:\/\/www.asociaciongeografica.com\/\" rel=\"external nofollow\"> <strong>Asociaci\u00f3n Geogr\u00e1fica<\/strong><\/a> (Badajoz) se trasladar\u00e1 el 24 de febrero al <strong>Parque Nacional de Monfrag\u00fce. El pulm\u00f3n extreme\u00f1o <\/strong><strong><\/strong> da la bienvenida al caminante ofreciendo el deleite de la siempre atractiva presencia de especies\u00a0 como la cig\u00fce\u00f1a negra, \u00e1guila imperial ib\u00e9rica o buitre negro. La <strong>sierra de las Corchuelas<\/strong>, de donde emerge el castillo de Monfrag\u00fce para deleitarnos con sus maravillosas vistas del Salto el Gitano, \u00a0antesala de la mejor representaci\u00f3n de bosque mediterr\u00e1neo. Un vergel de \u00a0labi\u00e9rnagos, madro\u00f1os, durillos, lentiscos, cornicabras y ruscos que visten la estrecha senda, con aromas a naturaleza pura.<\/p>\n<p>&nbsp;<\/p>\n<p>M\u00c1S INFORMACI\u00d3N EN:<\/p>\n<p><a href=\"http:\/\/www.asociaciongeografica.com\/\" rel=\"external nofollow\"><strong>http:\/\/www.asociaciongeografica.com\/<\/strong><\/a><br \/>\nDificultad: Baja.<br \/>\nDistancia: 13,5 kil\u00f3metros.<br \/>\nPrecio: 20 euros. *Socios Gratis.<\/p>\n<p>INCLUYE: Autob\u00fas (Ida y Vuelta), Monitores titulados, Int\u00e9rprete de Naturaleza y Seguros (RC y SOV).<\/p>\n<p>AMPL\u00cdA INFORMACI\u00d3N EN: 924 278 561<\/p>\n<p>INSCRIPCIONES:<br \/>\n&#8211; Asociaci\u00f3n Geogr\u00e1fica. C\/ Nevero Doce, 15 Badajoz<br \/>\n&#8211; El Caballo. Avda. de Col\u00f3n, 2.<br \/>\n&#8211; Autoservicios Jimenez. Avda. Sinforiano Madro\u00f1ero, 30.<br \/>\n&#8211; Sprinter. CC. Ronda Norte, s\/n.<\/p>\n<p>GALER\u00cdAS<\/p>\n<h4><a title=\"Recorrido por el Cerro Gimio y el puente del Cardenal de Monfrag\u00fce\" href=\"http:\/\/www.hoy.es\/multimedia\/fotos\/ultimos\/99209-recorrido-cerro-gimio-puente-cardenal-monfrague-0.html\" target=\"_blank\" rel=\"external nofollow\">Recorrido por el Cerro Gimio y el puente del Cardenal de Monfrag\u00fce<\/a><\/h4>\n<h4><a title=\"De ruta por el Parque Nacional de Monfrag\u00fce\" href=\"http:\/\/www.hoy.es\/multimedia\/fotos\/ultimos\/94407-ruta-parque-nacional-monfrague-0.html\" target=\"_blank\" rel=\"external nofollow\">De ruta por el Parque Nacional de Monfrag\u00fce<\/a><\/h4>\n<!-- AddThis Advanced Settings generic via filter on the_content --><!-- AddThis Share Buttons generic via filter on the_content -->","protected":false},"excerpt":{"rendered":"<p>La Asociaci\u00f3n Geogr\u00e1fica (Badajoz) se trasladar\u00e1 el 24 de febrero al Parque Nacional de Monfrag\u00fce. El pulm\u00f3n extreme\u00f1o da la bienvenida al caminante ofreciendo el deleite de la siempre atractiva presencia de especies\u00a0 como la cig\u00fce\u00f1a negra, \u00e1guila imperial ib\u00e9rica o buitre negro. La sierra de las Corchuelas, de donde emerge el castillo de Monfrag\u00fce [&hellip;]<!-- AddThis Advanced Settings generic via filter on get_the_excerpt --><!-- AddThis Share Buttons generic via filter on get_the_excerpt --><\/p>\n","protected":false},"author":27,"featured_media":0,"comment_status":"open","ping_status":"closed","sticky":false,"template":"","format":"standard","meta":[],"categories":[4],"tags":[121,515,713,821,836,906,1035],"_links":{"self":[{"href":"https:\/\/blogs.hoy.es\/senderosextremadura\/wp-json\/wp\/v2\/posts\/1231"}],"collection":[{"href":"https:\/\/blogs.hoy.es\/senderosextremadura\/wp-json\/wp\/v2\/posts"}],"about":[{"href":"https:\/\/blogs.hoy.es\/senderosextremadura\/wp-json\/wp\/v2\/types\/post"}],"author":[{"embeddable":true,"href":"https:\/\/blogs.hoy.es\/senderosextremadura\/wp-json\/wp\/v2\/users\/27"}],"replies":[{"embeddable":true,"href":"https:\/\/blogs.hoy.es\/senderosextremadura\/wp-json\/wp\/v2\/comments?post=1231"}],"version-history":[{"count":0,"href":"https:\/\/blogs.hoy.es\/senderosextremadura\/wp-json\/wp\/v2\/posts\/1231\/revisions"}],"wp:attachment":[{"href":"https:\/\/blogs.hoy.es\/senderosextremadura\/wp-json\/wp\/v2\/media?parent=1231"}],"wp:term":[{"taxonomy":"category","embeddable":true,"href":"https:\/\/blogs.hoy.es\/senderosextremadura\/wp-json\/wp\/v2\/categories?post=1231"},{"taxonomy":"post_tag","embeddable":true,"href":"https:\/\/blogs.hoy.es\/senderosextremadura\/wp-json\/wp\/v2\/tags?post=1231"}],"curies":[{"name":"wp","href":"https:\/\/api.w.org\/{rel}","templated":true}]}}