{"id":1233,"date":"2013-02-11T09:26:09","date_gmt":"2013-02-11T09:26:09","guid":{"rendered":"http:\/\/blogs.hoy.es\/senderosextremadura\/?p=1233"},"modified":"2013-02-11T09:26:09","modified_gmt":"2013-02-11T09:26:09","slug":"exito-de-la-ruta-del-emperador","status":"publish","type":"post","link":"https:\/\/blogs.hoy.es\/senderosextremadura\/2013\/02\/11\/exito-de-la-ruta-del-emperador\/","title":{"rendered":"\u00c9xito de la Ruta del Emperador"},"content":{"rendered":"<div><a href=\"https:\/\/blogs.hoy.es\/senderosextremadura\/2013\/02\/11\/exito-de-la-ruta-del-emperador\/caceres-emperador\/\" rel=\"attachment wp-att-1235\"><img loading=\"lazy\" class=\"aligncenter  wp-image-1235\" title=\"caceres-emperador\" src=\"\/senderosextremadura\/wp-content\/uploads\/sites\/22\/2013\/02\/caceres-emperador.jpg\" alt=\"\" width=\"549\" height=\"339\" srcset=\"https:\/\/static-blogs.hoy.es\/wp-content\/uploads\/sites\/22\/2013\/02\/caceres-emperador.jpg 647w, https:\/\/static-blogs.hoy.es\/wp-content\/uploads\/sites\/22\/2013\/02\/caceres-emperador-300x185.jpg 300w, https:\/\/static-blogs.hoy.es\/wp-content\/uploads\/sites\/22\/2013\/02\/caceres-emperador-600x371.jpg 600w\" sizes=\"(max-width: 549px) 100vw, 549px\" \/><\/a><\/div>\n<div><\/div>\n<div>La <strong>Ruta del Emperador<\/strong> se ha celebrado a lo largo de dos fines semanas en la comarca de La Vera con un importante n\u00famero de actividades. Ha destacado la ruta ecuestre, la primera de los tres grandes eventos que ha tenido lugar, al igual que la senderista, que es la principal y que est\u00e1 declarada de inter\u00e9s tur\u00edstico regional. Por \u00faltimo, como novedad, la cicloturista, cuya organizaci\u00f3n corri\u00f3 a cargo de Adicover (Asociaci\u00f3n para el Desarrollo Integral de la Vera) y la Mancomunidad Intermunicipal de la Vera, financiada por la primera instituci\u00f3n a trav\u00e9s del programa de desarrollo comarcal &#8216;Enfoque Leader&#8217;.<\/div>\n<div>\u00abConsideramos que la realizaci\u00f3n de dichas actuaciones han sido un \u00e9xito, si bien las cifras que se barajan son un poco inferiores a la edici\u00f3n del pasado a\u00f1o, aunque la afluencia de participantes a las tres rutas ha sido bastante considerable. Solamente en la senderista lo han hecho unas 6.000 personas y casi 200 en la cicloturista, superando las expectativas iniciales\u00bb, destacan ambas instituciones.<\/div>\n<div>Por eso, agregan, \u00abhay que agradecer la colaboraci\u00f3n de entidades y voluntarios que han hecho posible que esta XIV edici\u00f3nde la Ruta del Emperador haya sido todo un \u00e9xito\u00bb, concluyen.<\/div>\n<div><\/div>\n<div>Fuente: Pedro Samino<\/div>\n<!-- AddThis Advanced Settings generic via filter on the_content --><!-- AddThis Share Buttons generic via filter on the_content -->","protected":false},"excerpt":{"rendered":"<p>La Ruta del Emperador se ha celebrado a lo largo de dos fines semanas en la comarca de La Vera con un importante n\u00famero de actividades. Ha destacado la ruta ecuestre, la primera de los tres grandes eventos que ha tenido lugar, al igual que la senderista, que es la principal y que est\u00e1 declarada [&hellip;]<!-- AddThis Advanced Settings generic via filter on get_the_excerpt --><!-- AddThis Share Buttons generic via filter on get_the_excerpt --><\/p>\n","protected":false},"author":27,"featured_media":0,"comment_status":"open","ping_status":"closed","sticky":false,"template":"","format":"standard","meta":[],"categories":[3,4],"tags":[121,301,413,745,836,917,924,942,1035],"_links":{"self":[{"href":"https:\/\/blogs.hoy.es\/senderosextremadura\/wp-json\/wp\/v2\/posts\/1233"}],"collection":[{"href":"https:\/\/blogs.hoy.es\/senderosextremadura\/wp-json\/wp\/v2\/posts"}],"about":[{"href":"https:\/\/blogs.hoy.es\/senderosextremadura\/wp-json\/wp\/v2\/types\/post"}],"author":[{"embeddable":true,"href":"https:\/\/blogs.hoy.es\/senderosextremadura\/wp-json\/wp\/v2\/users\/27"}],"replies":[{"embeddable":true,"href":"https:\/\/blogs.hoy.es\/senderosextremadura\/wp-json\/wp\/v2\/comments?post=1233"}],"version-history":[{"count":0,"href":"https:\/\/blogs.hoy.es\/senderosextremadura\/wp-json\/wp\/v2\/posts\/1233\/revisions"}],"wp:attachment":[{"href":"https:\/\/blogs.hoy.es\/senderosextremadura\/wp-json\/wp\/v2\/media?parent=1233"}],"wp:term":[{"taxonomy":"category","embeddable":true,"href":"https:\/\/blogs.hoy.es\/senderosextremadura\/wp-json\/wp\/v2\/categories?post=1233"},{"taxonomy":"post_tag","embeddable":true,"href":"https:\/\/blogs.hoy.es\/senderosextremadura\/wp-json\/wp\/v2\/tags?post=1233"}],"curies":[{"name":"wp","href":"https:\/\/api.w.org\/{rel}","templated":true}]}}