{"id":1237,"date":"2013-02-13T08:14:03","date_gmt":"2013-02-13T08:14:03","guid":{"rendered":"http:\/\/blogs.hoy.es\/senderosextremadura\/?p=1237"},"modified":"2013-02-13T08:14:03","modified_gmt":"2013-02-13T08:14:03","slug":"ruta-del-almendro-en-flor-17-de-febrero","status":"publish","type":"post","link":"https:\/\/blogs.hoy.es\/senderosextremadura\/2013\/02\/13\/ruta-del-almendro-en-flor-17-de-febrero\/","title":{"rendered":"Ruta del almendro en flor (17 de febrero)"},"content":{"rendered":"<div>\n<p><a href=\"https:\/\/blogs.hoy.es\/senderosextremadura\/2013\/02\/13\/ruta-del-almendro-en-flor-17-de-febrero\/almendro\/\" rel=\"attachment wp-att-1239\"><img loading=\"lazy\" class=\"aligncenter  wp-image-1239\" title=\"almendro\" src=\"\/senderosextremadura\/wp-content\/uploads\/sites\/22\/2013\/02\/almendro.jpg\" alt=\"\" width=\"361\" height=\"240\" srcset=\"https:\/\/static-blogs.hoy.es\/wp-content\/uploads\/sites\/22\/2013\/02\/almendro.jpg 550w, https:\/\/static-blogs.hoy.es\/wp-content\/uploads\/sites\/22\/2013\/02\/almendro-300x200.jpg 300w\" sizes=\"(max-width: 361px) 100vw, 361px\" \/><\/a><\/p>\n<p>Los senderistas de<strong> <a href=\"http:\/\/www.hoylossantosdemaimona.es\" rel=\"external nofollow\">Los Santos de Maimona<\/a><\/strong> vuelven a proponer, a todas aquellas personas que quieran, una ruta senderista para la ma\u00f1ana del pr\u00f3ximo domingo. Tras una semana de par\u00f3n y tras la \u00faltima ruta entre Fuente del Maestre y Villalba, esta semana ver\u00e1n los almendros en flor que nos circundan el <strong><\/strong> t\u00e9rmino municipal.<\/p>\n<p><!--more--><\/p>\n<\/div>\n<div>\n<p>La \u00faltima ruta, el pasado 3 de febrero, se realiz\u00f3 en las\u00a0<strong>cercan\u00edas\u00a0de Fuente del Maestre-Villalba de los Barros<\/strong>, result\u00f3 un nuevo\u00a0\u00e9xito\u00a0ya que un nutrido grupo de aficionados acudi\u00f3 a la cita, para acabar junto al embalse que hay en la <strong>localidad de Villalba de los Barros<\/strong>. En un d\u00eda fabuloso de sol y con el campo muy colorido, sobre todo por los primeros almendros en flor, tras las ultimas lluvias ca\u00eddas.<\/p>\n<p>Precisamente la floraci\u00f3n del almendro es el tema principal de la ruta de esta semana, ya que durante toda la ma\u00f1ana del pr\u00f3ximo domingo 17 de febrero se podr\u00e1n ver una gran cantidad de almendros que abundan por nuestro\u00a0t\u00e9rmino\u00a0municipal.<\/p>\n<p>Para ello la Asociaci\u00f3n Senderista Cultural &#8220;La Verea&#8221; propone el lugar de siempre, puerta de la Casa de la Cultura y la hora de las 9.00 de la ma\u00f1ana una ruta sencilla, asequible y muy colorida a la que te invitan los senderistas sante\u00f1os.<\/p>\n<p><a href=\"http:\/\/www.hoylossantosdemaimona.es\/actualidad\/2013-02-12\/ruta-almendro-flor-1348.html\" rel=\"external nofollow\"><strong>Fuente: HOY Los Santos de Maimona<\/strong><\/a><\/p>\n<\/div>\n<!-- AddThis Advanced Settings generic via filter on the_content --><!-- AddThis Share Buttons generic via filter on the_content -->","protected":false},"excerpt":{"rendered":"<p>Los senderistas de Los Santos de Maimona vuelven a proponer, a todas aquellas personas que quieran, una ruta senderista para la ma\u00f1ana del pr\u00f3ximo domingo. Tras una semana de par\u00f3n y tras la \u00faltima ruta entre Fuente del Maestre y Villalba, esta semana ver\u00e1n los almendros en flor que nos circundan el t\u00e9rmino municipal.<!-- AddThis Advanced Settings generic via filter on get_the_excerpt --><!-- AddThis Share Buttons generic via filter on get_the_excerpt --><\/p>\n","protected":false},"author":27,"featured_media":0,"comment_status":"open","ping_status":"closed","sticky":false,"template":"","format":"standard","meta":[],"categories":[4],"tags":[],"_links":{"self":[{"href":"https:\/\/blogs.hoy.es\/senderosextremadura\/wp-json\/wp\/v2\/posts\/1237"}],"collection":[{"href":"https:\/\/blogs.hoy.es\/senderosextremadura\/wp-json\/wp\/v2\/posts"}],"about":[{"href":"https:\/\/blogs.hoy.es\/senderosextremadura\/wp-json\/wp\/v2\/types\/post"}],"author":[{"embeddable":true,"href":"https:\/\/blogs.hoy.es\/senderosextremadura\/wp-json\/wp\/v2\/users\/27"}],"replies":[{"embeddable":true,"href":"https:\/\/blogs.hoy.es\/senderosextremadura\/wp-json\/wp\/v2\/comments?post=1237"}],"version-history":[{"count":0,"href":"https:\/\/blogs.hoy.es\/senderosextremadura\/wp-json\/wp\/v2\/posts\/1237\/revisions"}],"wp:attachment":[{"href":"https:\/\/blogs.hoy.es\/senderosextremadura\/wp-json\/wp\/v2\/media?parent=1237"}],"wp:term":[{"taxonomy":"category","embeddable":true,"href":"https:\/\/blogs.hoy.es\/senderosextremadura\/wp-json\/wp\/v2\/categories?post=1237"},{"taxonomy":"post_tag","embeddable":true,"href":"https:\/\/blogs.hoy.es\/senderosextremadura\/wp-json\/wp\/v2\/tags?post=1237"}],"curies":[{"name":"wp","href":"https:\/\/api.w.org\/{rel}","templated":true}]}}