{"id":1240,"date":"2013-02-13T08:51:01","date_gmt":"2013-02-13T08:51:01","guid":{"rendered":"http:\/\/blogs.hoy.es\/senderosextremadura\/?p=1240"},"modified":"2013-02-13T08:51:01","modified_gmt":"2013-02-13T08:51:01","slug":"el-bordon-de-plasencia-pide-que-se-recupere-la-antigua-caneria-como-ruta-senderista","status":"publish","type":"post","link":"https:\/\/blogs.hoy.es\/senderosextremadura\/2013\/02\/13\/el-bordon-de-plasencia-pide-que-se-recupere-la-antigua-caneria-como-ruta-senderista\/","title":{"rendered":"El Bord\u00f3n de Plasencia pide que se recupere la antigua ca\u00f1er\u00eda como ruta senderista"},"content":{"rendered":"<div id=\"attachment_1241\" style=\"width: 657px\" class=\"wp-caption aligncenter\"><a href=\"https:\/\/blogs.hoy.es\/senderosextremadura\/2013\/02\/13\/el-bordon-de-plasencia-pide-que-se-recupere-la-antigua-caneria-como-ruta-senderista\/bordon\/\" rel=\"attachment wp-att-1241\"><img aria-describedby=\"caption-attachment-1241\" loading=\"lazy\" class=\"size-full wp-image-1241\" src=\"\/senderosextremadura\/wp-content\/uploads\/sites\/22\/2013\/02\/bordon.jpg\" alt=\"Ladera de la sierra de San Polo y embalse del Jerte, por donde discurre la ca\u00f1er\u00eda.\" width=\"647\" height=\"231\" srcset=\"https:\/\/static-blogs.hoy.es\/wp-content\/uploads\/sites\/22\/2013\/02\/bordon.jpg 647w, https:\/\/static-blogs.hoy.es\/wp-content\/uploads\/sites\/22\/2013\/02\/bordon-300x107.jpg 300w, https:\/\/static-blogs.hoy.es\/wp-content\/uploads\/sites\/22\/2013\/02\/bordon-600x214.jpg 600w\" sizes=\"(max-width: 647px) 100vw, 647px\" \/><\/a><p id=\"caption-attachment-1241\" class=\"wp-caption-text\">Ladera de la sierra de San Polo y embalse del Jerte, por donde discurre la ca\u00f1er\u00eda.<\/p><\/div>\n<p>La asociaci\u00f3n de senderismo El Bord\u00f3n, de Plasencia, ha pedido p\u00fablicamente a las Concejal\u00edas de Medio Ambiente, Turismo y Juventud y Deportes que tomen conciencia del potencial l\u00fadico, saludable y tur\u00edstico de la &#8216;ruta del agua&#8217; que discurre por la antigua &#8216;ca\u00f1er\u00eda&#8217; (conducci\u00f3n del abastecimiento a la ciudad, construida en el siglo XVI) para que se animen a su recuperaci\u00f3n total y pueda ser homologada por la Federaci\u00f3n de Monta\u00f1a, Escalada y Senderismo para conseguir que este recorrido sea emblema de \u2018Plasencia ciudad del senderismo\u2019. La ca\u00f1er\u00eda se conserva muy deteriorada o solo restos en algunos tramos de su recorrido y en otros est\u00e1 perdida bajo la maleza y vegetaci\u00f3n, aunque en su mayor\u00eda puede seguirse a media ladera por la Sierra de San Polo y Valcorchero.<\/p>\n<p>De hecho, la urbe ostenta desde julio de 2009 este t\u00edtulo, despu\u00e9s de que el pleno municipal aprobara, a propuesta de El Bord\u00f3n, aprobar esta nueva denominaci\u00f3n. Para la entonces alcaldesa, Elia Blanco, el nuevo t\u00edtulo otorgado a Plasencia supon\u00eda \u00abuna nueva referencia urbana que se suma a la del patrimonio hist\u00f3rico-art\u00edstico y de turismo de naturaleza, porque oferta la posibilidad de hacer senderismo con propuestas diferentes y atractivas\u00bb.<\/p>\n<p>La petici\u00f3n de El Bord\u00f3n se hace justo antes de que la asociaci\u00f3n lleve a cabo este domingo la denominada \u2018ruta del agua\u2019 que recorre la antigua ca\u00f1er\u00eda desde la ciudad a los manantiales del t\u00e9rmino de Cabezabellosa, con un titinerario total de 17 kil\u00f3metros.<\/p>\n<p>La salida se har\u00e1 a las 7.30 horas de la puerta del parque de los Pinos en donde un autob\u00fas llevar\u00e1 a los excursionistas a Cabezabellosa. La vuelta a la ciudad se prev\u00e9 hacia el mediod\u00eda. El perfil de la ruta es favorable y \u2018pica hacia abajo\u2019 porque se hace el camino del agua desde su inicio en direcci\u00f3n a la ciudad.<\/p>\n<p>La marcha a pie empieza en Cabezabellosa en direcci\u00f3nal puerto de Sangamello. Fuentes, pilas y moliendas para la bellota y otros restos de usos ca\u00eddos en el olvido, son algunos de los atractivos que ofrece el inicio de esta ruta, todo ello custodiado por grandes robles.<\/p>\n<p>En el cruce del puerto, donde se sit\u00faan los restos de un derruido parador, se har\u00e1 un tramo por los la antigua calzada antes de dar vista al embalse del Jerte. Los montes de Cabezabellosa con sus manantiales mostrar\u00e1n el por qu\u00e9 del comienzo de la ca\u00f1er\u00eda en ese enclave que forma una especie de embudo natural perfecto para conducirlas por la ca\u00f1er\u00eda hacia Plasencia.<\/p>\n<p>Todo el trayecto discurre sobre esta obra del siglo XVI, a media ladera de la sierra de San Polo, con una panor\u00e1mica es siempre privilegiada y enclaves como un roquedo que cobija a varias parejas de buitres leonados.<\/p>\n<p>Tras una parada para reponer fuerzas en una antigua casa de pastores, se sigue en direcci\u00f3n a Plasencia. A la altura de la presa, se baja a nivel del r\u00edo para cruzar por fincas como San Polo y Navalonguilla, buscando la parte baja de la fuente de los Barreros y siguiendo hasta el camino viejo del Puerto. La marcha sigue hasta el parque de los Pinos, junto al dep\u00f3sito del agua, de la avenida de Extremadura.<\/p>\n<!-- AddThis Advanced Settings generic via filter on the_content --><!-- AddThis Share Buttons generic via filter on the_content -->","protected":false},"excerpt":{"rendered":"<p>La asociaci\u00f3n de senderismo El Bord\u00f3n, de Plasencia, ha pedido p\u00fablicamente a las Concejal\u00edas de Medio Ambiente, Turismo y Juventud y Deportes que tomen conciencia del potencial l\u00fadico, saludable y tur\u00edstico de la &#8216;ruta del agua&#8217; que discurre por la antigua &#8216;ca\u00f1er\u00eda&#8217; (conducci\u00f3n del abastecimiento a la ciudad, construida en el siglo XVI) para que [&hellip;]<!-- AddThis Advanced Settings generic via filter on get_the_excerpt --><!-- AddThis Share Buttons generic via filter on get_the_excerpt --><\/p>\n","protected":false},"author":27,"featured_media":0,"comment_status":"open","ping_status":"closed","sticky":false,"template":"","format":"standard","meta":[],"categories":[4],"tags":[],"_links":{"self":[{"href":"https:\/\/blogs.hoy.es\/senderosextremadura\/wp-json\/wp\/v2\/posts\/1240"}],"collection":[{"href":"https:\/\/blogs.hoy.es\/senderosextremadura\/wp-json\/wp\/v2\/posts"}],"about":[{"href":"https:\/\/blogs.hoy.es\/senderosextremadura\/wp-json\/wp\/v2\/types\/post"}],"author":[{"embeddable":true,"href":"https:\/\/blogs.hoy.es\/senderosextremadura\/wp-json\/wp\/v2\/users\/27"}],"replies":[{"embeddable":true,"href":"https:\/\/blogs.hoy.es\/senderosextremadura\/wp-json\/wp\/v2\/comments?post=1240"}],"version-history":[{"count":0,"href":"https:\/\/blogs.hoy.es\/senderosextremadura\/wp-json\/wp\/v2\/posts\/1240\/revisions"}],"wp:attachment":[{"href":"https:\/\/blogs.hoy.es\/senderosextremadura\/wp-json\/wp\/v2\/media?parent=1240"}],"wp:term":[{"taxonomy":"category","embeddable":true,"href":"https:\/\/blogs.hoy.es\/senderosextremadura\/wp-json\/wp\/v2\/categories?post=1240"},{"taxonomy":"post_tag","embeddable":true,"href":"https:\/\/blogs.hoy.es\/senderosextremadura\/wp-json\/wp\/v2\/tags?post=1240"}],"curies":[{"name":"wp","href":"https:\/\/api.w.org\/{rel}","templated":true}]}}