{"id":1243,"date":"2013-02-13T13:06:20","date_gmt":"2013-02-13T13:06:20","guid":{"rendered":"http:\/\/blogs.hoy.es\/senderosextremadura\/?p=1243"},"modified":"2013-02-13T13:06:20","modified_gmt":"2013-02-13T13:06:20","slug":"marcha-circular-de-20-kilometros-desde-salvaleon","status":"publish","type":"post","link":"https:\/\/blogs.hoy.es\/senderosextremadura\/2013\/02\/13\/marcha-circular-de-20-kilometros-desde-salvaleon\/","title":{"rendered":"Marcha circular de 20 kil\u00f3metros desde Salvale\u00f3n"},"content":{"rendered":"<p><strong><a href=\"https:\/\/blogs.hoy.es\/senderosextremadura\/2013\/02\/13\/marcha-circular-de-20-kilometros-desde-salvaleon\/puerto\/\" rel=\"attachment wp-att-1244\"><img loading=\"lazy\" class=\"aligncenter  wp-image-1244\" src=\"\/senderosextremadura\/wp-content\/uploads\/sites\/22\/2013\/02\/puerto.jpg\" alt=\"\" width=\"358\" height=\"358\" srcset=\"https:\/\/static-blogs.hoy.es\/wp-content\/uploads\/sites\/22\/2013\/02\/puerto.jpg 403w, https:\/\/static-blogs.hoy.es\/wp-content\/uploads\/sites\/22\/2013\/02\/puerto-150x150.jpg 150w, https:\/\/static-blogs.hoy.es\/wp-content\/uploads\/sites\/22\/2013\/02\/puerto-300x300.jpg 300w\" sizes=\"(max-width: 358px) 100vw, 358px\" \/><\/a><\/strong><\/p>\n<p>La <a href=\"http:\/\/senderismosalvaleon.blogspot.com.es\/\" rel=\"external nofollow\"><strong>Asociaci\u00f3n de Senderismo &#8216;El Encinar&#8217; de\u00a0 Salvale\u00f3n<\/strong><\/a> organiza una ruta circular el domingo 17 de febrero de 2013. <!--nextpage-->La marcha de 20 kil\u00f3metros discurre entre Salvale\u00f3n &#8211; Puerto Socola- Barcarrota &#8211; El palacio -Salvale\u00f3n.<\/p>\n<p>&nbsp;<\/p>\n<p>M\u00e1s informaci\u00f3n en<\/p>\n<p><a href=\"http:\/\/senderismosalvaleon.blogspot.com.es\/\" rel=\"external nofollow\"><strong>http:\/\/senderismosalvaleon.blogspot.com.es\/<\/strong><\/a><\/p>\n<!-- AddThis Advanced Settings generic via filter on the_content --><!-- AddThis Share Buttons generic via filter on the_content -->","protected":false},"excerpt":{"rendered":"<p>La Asociaci\u00f3n de Senderismo &#8216;El Encinar&#8217; de\u00a0 Salvale\u00f3n organiza una ruta circular el domingo 17 de febrero de 2013.<!-- AddThis Advanced Settings generic via filter on get_the_excerpt --><!-- AddThis Share Buttons generic via filter on get_the_excerpt --><\/p>\n","protected":false},"author":27,"featured_media":0,"comment_status":"open","ping_status":"closed","sticky":false,"template":"","format":"standard","meta":[],"categories":[4],"tags":[668,884,917,935,936,944,1035],"_links":{"self":[{"href":"https:\/\/blogs.hoy.es\/senderosextremadura\/wp-json\/wp\/v2\/posts\/1243"}],"collection":[{"href":"https:\/\/blogs.hoy.es\/senderosextremadura\/wp-json\/wp\/v2\/posts"}],"about":[{"href":"https:\/\/blogs.hoy.es\/senderosextremadura\/wp-json\/wp\/v2\/types\/post"}],"author":[{"embeddable":true,"href":"https:\/\/blogs.hoy.es\/senderosextremadura\/wp-json\/wp\/v2\/users\/27"}],"replies":[{"embeddable":true,"href":"https:\/\/blogs.hoy.es\/senderosextremadura\/wp-json\/wp\/v2\/comments?post=1243"}],"version-history":[{"count":0,"href":"https:\/\/blogs.hoy.es\/senderosextremadura\/wp-json\/wp\/v2\/posts\/1243\/revisions"}],"wp:attachment":[{"href":"https:\/\/blogs.hoy.es\/senderosextremadura\/wp-json\/wp\/v2\/media?parent=1243"}],"wp:term":[{"taxonomy":"category","embeddable":true,"href":"https:\/\/blogs.hoy.es\/senderosextremadura\/wp-json\/wp\/v2\/categories?post=1243"},{"taxonomy":"post_tag","embeddable":true,"href":"https:\/\/blogs.hoy.es\/senderosextremadura\/wp-json\/wp\/v2\/tags?post=1243"}],"curies":[{"name":"wp","href":"https:\/\/api.w.org\/{rel}","templated":true}]}}