{"id":1246,"date":"2013-02-13T17:13:24","date_gmt":"2013-02-13T17:13:24","guid":{"rendered":"http:\/\/blogs.hoy.es\/senderosextremadura\/?p=1246"},"modified":"2013-02-13T17:13:24","modified_gmt":"2013-02-13T17:13:24","slug":"ruta-nevada-por-gredos-con-via-verde-galeria","status":"publish","type":"post","link":"https:\/\/blogs.hoy.es\/senderosextremadura\/2013\/02\/13\/ruta-nevada-por-gredos-con-via-verde-galeria\/","title":{"rendered":"Ruta nevada por Gredos con V\u00eda Verde (Galer\u00eda)"},"content":{"rendered":"<h3>Unas 60 personas participaron el pasado domingo en la ruta nevada por Gredos organizada por la asociaci\u00f3n senderista V\u00eda Verde de Villanueva de la Serena. Os dejamos el <a href=\"http:\/\/www.hoy.es\/multimedia\/fotos\/ultimos\/115142-unas-personas-participan-ruta-nevada-gredos-organizada-verde-0.html\" rel=\"external nofollow\">enlace a la galer\u00eda que hemos publicado<\/a><!--more--><\/h3>\n<div id=\"attachment_1247\" style=\"width: 523px\" class=\"wp-caption aligncenter\"><a href=\"https:\/\/blogs.hoy.es\/senderosextremadura\/2013\/02\/13\/ruta-nevada-por-gredos-con-via-verde-galeria\/nievsn\/\" rel=\"attachment wp-att-1247\"><img aria-describedby=\"caption-attachment-1247\" loading=\"lazy\" class=\" wp-image-1247\" src=\"\/senderosextremadura\/wp-content\/uploads\/sites\/22\/2013\/02\/nievsn.jpg\" alt=\"Imagen de la ruta por Gredos. \/ V\u00cdA VERDE\" width=\"513\" height=\"384\" srcset=\"https:\/\/static-blogs.hoy.es\/wp-content\/uploads\/sites\/22\/2013\/02\/nievsn.jpg 960w, https:\/\/static-blogs.hoy.es\/wp-content\/uploads\/sites\/22\/2013\/02\/nievsn-300x225.jpg 300w, https:\/\/static-blogs.hoy.es\/wp-content\/uploads\/sites\/22\/2013\/02\/nievsn-768x576.jpg 768w, https:\/\/static-blogs.hoy.es\/wp-content\/uploads\/sites\/22\/2013\/02\/nievsn-600x450.jpg 600w\" sizes=\"(max-width: 513px) 100vw, 513px\" \/><\/a><p id=\"caption-attachment-1247\" class=\"wp-caption-text\">Imagen de la ruta por Gredos. \/ V\u00cdA VERDE<\/p><\/div>\n<!-- AddThis Advanced Settings generic via filter on the_content --><!-- AddThis Share Buttons generic via filter on the_content -->","protected":false},"excerpt":{"rendered":"<p>Unas 60 personas participaron el pasado domingo en la ruta nevada por Gredos organizada por la asociaci\u00f3n senderista V\u00eda Verde de Villanueva de la Serena. Os dejamos el enlace a la galer\u00eda que hemos publicado<!-- AddThis Advanced Settings generic via filter on get_the_excerpt --><!-- AddThis Share Buttons generic via filter on get_the_excerpt --><\/p>\n","protected":false},"author":27,"featured_media":0,"comment_status":"open","ping_status":"closed","sticky":false,"template":"","format":"standard","meta":[],"categories":[3,4],"tags":[362,720,906,1035],"_links":{"self":[{"href":"https:\/\/blogs.hoy.es\/senderosextremadura\/wp-json\/wp\/v2\/posts\/1246"}],"collection":[{"href":"https:\/\/blogs.hoy.es\/senderosextremadura\/wp-json\/wp\/v2\/posts"}],"about":[{"href":"https:\/\/blogs.hoy.es\/senderosextremadura\/wp-json\/wp\/v2\/types\/post"}],"author":[{"embeddable":true,"href":"https:\/\/blogs.hoy.es\/senderosextremadura\/wp-json\/wp\/v2\/users\/27"}],"replies":[{"embeddable":true,"href":"https:\/\/blogs.hoy.es\/senderosextremadura\/wp-json\/wp\/v2\/comments?post=1246"}],"version-history":[{"count":0,"href":"https:\/\/blogs.hoy.es\/senderosextremadura\/wp-json\/wp\/v2\/posts\/1246\/revisions"}],"wp:attachment":[{"href":"https:\/\/blogs.hoy.es\/senderosextremadura\/wp-json\/wp\/v2\/media?parent=1246"}],"wp:term":[{"taxonomy":"category","embeddable":true,"href":"https:\/\/blogs.hoy.es\/senderosextremadura\/wp-json\/wp\/v2\/categories?post=1246"},{"taxonomy":"post_tag","embeddable":true,"href":"https:\/\/blogs.hoy.es\/senderosextremadura\/wp-json\/wp\/v2\/tags?post=1246"}],"curies":[{"name":"wp","href":"https:\/\/api.w.org\/{rel}","templated":true}]}}