{"id":1251,"date":"2013-02-14T10:32:39","date_gmt":"2013-02-14T10:32:39","guid":{"rendered":"http:\/\/blogs.hoy.es\/senderosextremadura\/?p=1251"},"modified":"2013-02-14T10:32:39","modified_gmt":"2013-02-14T10:32:39","slug":"ruta-por-el-barranco-del-moro-en-tentudia-24-de-febrero","status":"publish","type":"post","link":"https:\/\/blogs.hoy.es\/senderosextremadura\/2013\/02\/14\/ruta-por-el-barranco-del-moro-en-tentudia-24-de-febrero\/","title":{"rendered":"Ruta por el barranco del Moro, Tentud\u00eda (24 de febrero)"},"content":{"rendered":"<h4><strong><a href=\"https:\/\/blogs.hoy.es\/senderosextremadura\/2013\/02\/14\/ruta-por-el-barranco-del-moro-en-tentudia-24-de-febrero\/rutajpg\/\" rel=\"attachment wp-att-1252\"><img loading=\"lazy\" class=\"alignright  wp-image-1252\" src=\"\/senderosextremadura\/wp-content\/uploads\/sites\/22\/2013\/02\/rutajpg.jpg\" alt=\"\" width=\"280\" height=\"320\" srcset=\"https:\/\/static-blogs.hoy.es\/wp-content\/uploads\/sites\/22\/2013\/02\/rutajpg.jpg 960w, https:\/\/static-blogs.hoy.es\/wp-content\/uploads\/sites\/22\/2013\/02\/rutajpg-263x300.jpg 263w, https:\/\/static-blogs.hoy.es\/wp-content\/uploads\/sites\/22\/2013\/02\/rutajpg-768x877.jpg 768w, https:\/\/static-blogs.hoy.es\/wp-content\/uploads\/sites\/22\/2013\/02\/rutajpg-600x685.jpg 600w\" sizes=\"(max-width: 280px) 100vw, 280px\" \/><\/a><\/strong><a href=\"http:\/\/www.zonaexplorer.com\/\" rel=\"external nofollow\">Explorer<\/a><strong> ha programado una ruta senderista por el Barranco del Moro, en la Sierra de Tentud\u00eda. <\/strong><strong> La marcha tendr\u00e1 lugar el domingo 24 de febrero. Los caminantes saldr\u00e1n a las 08,30 horas desde Badajoz (Aparcamientos Iglesia San Jos\u00e9), y regresar\u00e1n a las 17,00h desde Tentud\u00eda. <strong>Esta actividad tiene un coste de 20 euros e inicluye traslados, gu\u00eda titulado y seguros.<\/strong><\/strong><\/h4>\n<p><!--more--><\/p>\n<p><strong> FORMA de PAGO:<\/strong><br \/>\n<strong> 1) TARJETA BANCARIA (en EXPLORER)<\/strong><br \/>\n<strong> 2) TRANSFERENCIA BANCARIA<\/strong><br \/>\n<strong> TITULAR: Zonaviaje<\/strong><br \/>\n<strong> ENTIDAD: Banco Sabadell<\/strong><br \/>\n<strong> CCC: 0081 \/ 7850 \/ 34 \/ 0001206625<\/strong><br \/>\n<strong> IMPORTE: 20 euros<\/strong><br \/>\n<strong> CONCEPTO: Nombre y Apellidos del Participante<\/strong><\/p>\n<p><strong> INCRIPCI\u00d3N<\/strong><br \/>\n<strong> EXPLORER. C\/ Santo Domingo, 49. Tlf: 924 25 15 16<\/strong><br \/>\n<strong> http:\/\/<a href=\"http:\/\/www.facebook.com\/ExplorerFranquicias\" rel=\"nofollow external\" target=\"_blank\">www.facebook.com\/ExplorerFranquicias<\/a><\/strong><br \/>\n<strong> E-mail: zonaviaje@zonaexplorer.com<\/strong><\/p>\n<!-- AddThis Advanced Settings generic via filter on the_content --><!-- AddThis Share Buttons generic via filter on the_content -->","protected":false},"excerpt":{"rendered":"<p>Explorer ha programado una ruta senderista por el Barranco del Moro, en la Sierra de Tentud\u00eda. La marcha tendr\u00e1 lugar el domingo 24 de febrero. Los caminantes saldr\u00e1n a las 08,30 horas desde Badajoz (Aparcamientos Iglesia San Jos\u00e9), y regresar\u00e1n a las 17,00h desde Tentud\u00eda. Esta actividad tiene un coste de 20 euros e inicluye [&hellip;]<!-- AddThis Advanced Settings generic via filter on get_the_excerpt --><!-- AddThis Share Buttons generic via filter on get_the_excerpt --><\/p>\n","protected":false},"author":27,"featured_media":0,"comment_status":"open","ping_status":"closed","sticky":false,"template":"","format":"standard","meta":[],"categories":[4],"tags":[817,836,917,944,1035],"_links":{"self":[{"href":"https:\/\/blogs.hoy.es\/senderosextremadura\/wp-json\/wp\/v2\/posts\/1251"}],"collection":[{"href":"https:\/\/blogs.hoy.es\/senderosextremadura\/wp-json\/wp\/v2\/posts"}],"about":[{"href":"https:\/\/blogs.hoy.es\/senderosextremadura\/wp-json\/wp\/v2\/types\/post"}],"author":[{"embeddable":true,"href":"https:\/\/blogs.hoy.es\/senderosextremadura\/wp-json\/wp\/v2\/users\/27"}],"replies":[{"embeddable":true,"href":"https:\/\/blogs.hoy.es\/senderosextremadura\/wp-json\/wp\/v2\/comments?post=1251"}],"version-history":[{"count":0,"href":"https:\/\/blogs.hoy.es\/senderosextremadura\/wp-json\/wp\/v2\/posts\/1251\/revisions"}],"wp:attachment":[{"href":"https:\/\/blogs.hoy.es\/senderosextremadura\/wp-json\/wp\/v2\/media?parent=1251"}],"wp:term":[{"taxonomy":"category","embeddable":true,"href":"https:\/\/blogs.hoy.es\/senderosextremadura\/wp-json\/wp\/v2\/categories?post=1251"},{"taxonomy":"post_tag","embeddable":true,"href":"https:\/\/blogs.hoy.es\/senderosextremadura\/wp-json\/wp\/v2\/tags?post=1251"}],"curies":[{"name":"wp","href":"https:\/\/api.w.org\/{rel}","templated":true}]}}