{"id":1267,"date":"2013-02-26T12:56:59","date_gmt":"2013-02-26T12:56:59","guid":{"rendered":"http:\/\/blogs.hoy.es\/senderosextremadura\/?p=1267"},"modified":"2013-02-26T12:56:59","modified_gmt":"2013-02-26T12:56:59","slug":"ix-ruta-penas-blancas-3-de-marzo","status":"publish","type":"post","link":"https:\/\/blogs.hoy.es\/senderosextremadura\/2013\/02\/26\/ix-ruta-penas-blancas-3-de-marzo\/","title":{"rendered":"IX Ruta Pe\u00f1as Blancas (3 de marzo)"},"content":{"rendered":"<p><a href=\"https:\/\/blogs.hoy.es\/senderosextremadura\/2013\/02\/26\/ix-ruta-penas-blancas-3-de-marzo\/senders-zarza\/\" rel=\"attachment wp-att-1269\"><img loading=\"lazy\" class=\"aligncenter size-medium wp-image-1269\" src=\"\/senderosextremadura\/wp-content\/uploads\/sites\/22\/2013\/02\/senders-zarza.jpg\" alt=\"\" width=\"300\" height=\"225\" srcset=\"https:\/\/static-blogs.hoy.es\/wp-content\/uploads\/sites\/22\/2013\/02\/senders-zarza.jpg 760w, https:\/\/static-blogs.hoy.es\/wp-content\/uploads\/sites\/22\/2013\/02\/senders-zarza-300x225.jpg 300w, https:\/\/static-blogs.hoy.es\/wp-content\/uploads\/sites\/22\/2013\/02\/senders-zarza-600x450.jpg 600w\" sizes=\"(max-width: 300px) 100vw, 300px\" \/><\/a><\/p>\n<p>El Club de Senderismo \u2018Pe\u00f1as Blancas\u2019 de La Zarza organiza para el pr\u00f3ximo <strong>3 de marzo la IX Ruta Senderista Pe\u00f1as Blancas. <\/strong>Una marcha circular que el a\u00f1o pasado congreg\u00f3 a nada menos que 1.500 senderistas extreme\u00f1os. <a href=\"http:\/\/www.hoy.es\/multimedia\/fotos\/ultimos\/93805-exito-viii-ruta-senderista-penas-blancas-zarza-0.html\" target=\"_blank\" rel=\"external nofollow\"><strong>Aqu\u00ed puedes ver la galer\u00eda de fotos que publicamos en el blog<\/strong><\/a>.<strong><!--more--><br \/>\n<\/strong><\/p>\n<p>Se trata de una ruta circular de 18 kil\u00f3metros, con salida y llegada al parque municipal, de dificultad media, que transcurre por las proximidades de La Zarza y que permite conocer y disfrutar de parajes de alto inter\u00e9s hist\u00f3rico-paisaj\u00edstico tales como las pinturas rupestres de La Calderita (declarado Bien de Inter\u00e9s Cultural), la sierra de Pe\u00f1as Blancas, un bosque de pinos, la sierra de Juan Bueno y las minas de Tierrablanca.<\/p>\n<p>La ruta (<strong>PR-BA 47<\/strong>) est\u00e1 homologada por la Federaci\u00f3n Extreme\u00f1a de Monta\u00f1a y Escalada (FEXME) y pertenece al Circuito Extreme\u00f1o de Rutas Senderistas 2013. Se espera una gran participaci\u00f3n de senderistas procedentes de distintos puntos de la geograf\u00eda extreme\u00f1a e, incluso, de fuera de nuestra comunidad.<\/p>\n<p>La organizaci\u00f3n dispondr\u00e1 de varios puntos de control y avituallamiento, finalizando la prueba con una paella popular para todos los participantes y la entrega de un regalo conmemorativo. Despu\u00e9s de la comida habr\u00e1 m\u00fasica que pondr\u00e1 el broche a una jornada que se espera sea una fiesta para el senderismo en general y para La Zarza en particular.<\/p>\n<p>La <strong>inscripci\u00f3n<\/strong> debe hacerse rellenando el formulario online en <a href=\"http:\/\/sendezarza.blogspot.com\" target=\"_blank\" rel=\"external nofollow\">http:\/\/sendezarza.blogspot.com<\/a> Hay que ingresar <strong>3 euros<\/strong> en la cuenta de Caja Almendralejo n\u00ba 3001 0004 91 0420010550.<\/p>\n<!-- AddThis Advanced Settings generic via filter on the_content --><!-- AddThis Share Buttons generic via filter on the_content -->","protected":false},"excerpt":{"rendered":"<p>El Club de Senderismo \u2018Pe\u00f1as Blancas\u2019 de La Zarza organiza para el pr\u00f3ximo 3 de marzo la IX Ruta Senderista Pe\u00f1as Blancas. Una marcha circular que el a\u00f1o pasado congreg\u00f3 a nada menos que 1.500 senderistas extreme\u00f1os. Aqu\u00ed puedes ver la galer\u00eda de fotos que publicamos en el blog.<!-- AddThis Advanced Settings generic via filter on get_the_excerpt --><!-- AddThis Share Buttons generic via filter on get_the_excerpt --><\/p>\n","protected":false},"author":3,"featured_media":0,"comment_status":"open","ping_status":"closed","sticky":false,"template":"","format":"standard","meta":[],"categories":[4],"tags":[760,817,836,917,950,1035,1116],"_links":{"self":[{"href":"https:\/\/blogs.hoy.es\/senderosextremadura\/wp-json\/wp\/v2\/posts\/1267"}],"collection":[{"href":"https:\/\/blogs.hoy.es\/senderosextremadura\/wp-json\/wp\/v2\/posts"}],"about":[{"href":"https:\/\/blogs.hoy.es\/senderosextremadura\/wp-json\/wp\/v2\/types\/post"}],"author":[{"embeddable":true,"href":"https:\/\/blogs.hoy.es\/senderosextremadura\/wp-json\/wp\/v2\/users\/3"}],"replies":[{"embeddable":true,"href":"https:\/\/blogs.hoy.es\/senderosextremadura\/wp-json\/wp\/v2\/comments?post=1267"}],"version-history":[{"count":0,"href":"https:\/\/blogs.hoy.es\/senderosextremadura\/wp-json\/wp\/v2\/posts\/1267\/revisions"}],"wp:attachment":[{"href":"https:\/\/blogs.hoy.es\/senderosextremadura\/wp-json\/wp\/v2\/media?parent=1267"}],"wp:term":[{"taxonomy":"category","embeddable":true,"href":"https:\/\/blogs.hoy.es\/senderosextremadura\/wp-json\/wp\/v2\/categories?post=1267"},{"taxonomy":"post_tag","embeddable":true,"href":"https:\/\/blogs.hoy.es\/senderosextremadura\/wp-json\/wp\/v2\/tags?post=1267"}],"curies":[{"name":"wp","href":"https:\/\/api.w.org\/{rel}","templated":true}]}}