{"id":1270,"date":"2013-02-18T16:53:45","date_gmt":"2013-02-18T16:53:45","guid":{"rendered":"http:\/\/blogs.hoy.es\/senderosextremadura\/?p=1270"},"modified":"2013-02-18T16:53:45","modified_gmt":"2013-02-18T16:53:45","slug":"ascension-a-jalama-galeria","status":"publish","type":"post","link":"https:\/\/blogs.hoy.es\/senderosextremadura\/2013\/02\/18\/ascension-a-jalama-galeria\/","title":{"rendered":"Ascensi\u00f3n a J\u00e1lama (Galer\u00eda)"},"content":{"rendered":"<p><a href=\"https:\/\/blogs.hoy.es\/senderosextremadura\/2013\/02\/18\/ascension-a-jalama-galeria\/a-jalama_n\/\" rel=\"attachment wp-att-1271\"><img loading=\"lazy\" class=\"alignright  wp-image-1271\" src=\"\/senderosextremadura\/wp-content\/uploads\/sites\/22\/2013\/02\/A-JALAMA_n.jpg\" alt=\"\" width=\"640\" height=\"480\" srcset=\"https:\/\/static-blogs.hoy.es\/wp-content\/uploads\/sites\/22\/2013\/02\/A-JALAMA_n.jpg 902w, https:\/\/static-blogs.hoy.es\/wp-content\/uploads\/sites\/22\/2013\/02\/A-JALAMA_n-300x225.jpg 300w, https:\/\/static-blogs.hoy.es\/wp-content\/uploads\/sites\/22\/2013\/02\/A-JALAMA_n-768x576.jpg 768w, https:\/\/static-blogs.hoy.es\/wp-content\/uploads\/sites\/22\/2013\/02\/A-JALAMA_n-600x450.jpg 600w\" sizes=\"(max-width: 640px) 100vw, 640px\" \/><\/a><\/p>\n<p><a href=\"https:\/\/blogs.hoy.es\/senderosextremadura\/2013\/02\/18\/ascension-a-jalama-galeria\/a-jalamas_n\/\" rel=\"attachment wp-att-1272\"><img loading=\"lazy\" class=\"alignright  wp-image-1272\" src=\"\/senderosextremadura\/wp-content\/uploads\/sites\/22\/2013\/02\/A-JALAMAS_n.jpg\" alt=\"\" width=\"639\" height=\"478\" srcset=\"https:\/\/static-blogs.hoy.es\/wp-content\/uploads\/sites\/22\/2013\/02\/A-JALAMAS_n-300x225.jpg 300w, https:\/\/static-blogs.hoy.es\/wp-content\/uploads\/sites\/22\/2013\/02\/A-JALAMAS_n-768x576.jpg 768w, https:\/\/static-blogs.hoy.es\/wp-content\/uploads\/sites\/22\/2013\/02\/A-JALAMAS_n-600x450.jpg 600w\" sizes=\"(max-width: 639px) 100vw, 639px\" \/><\/a><\/p>\n<p>&nbsp;<\/p>\n<p><span style=\"font-size: medium;\">La <strong>asociaci\u00f3n senderista La Vere\u00edna<\/strong> realiz\u00f3 una ascensi\u00f3n a J\u00e1lama. Os dejamos el enlace a la <a href=\"http:\/\/www.hoy.es\/multimedia\/fotos\/ultimos\/115458-ascension-jalama-vereina-0.html\" target=\"_blank\" rel=\"external nofollow\"><strong>galer\u00eda de fotos<\/strong><\/a> que hemos publicado con las im\u00e1genes de la asociaci\u00f3n.<\/span><\/p>\n<!-- AddThis Advanced Settings generic via filter on the_content --><!-- AddThis Share Buttons generic via filter on the_content -->","protected":false},"excerpt":{"rendered":"<p>&nbsp; La asociaci\u00f3n senderista La Vere\u00edna realiz\u00f3 una ascensi\u00f3n a J\u00e1lama. Os dejamos el enlace a la galer\u00eda de fotos que hemos publicado con las im\u00e1genes de la asociaci\u00f3n.<!-- AddThis Advanced Settings generic via filter on get_the_excerpt --><!-- AddThis Share Buttons generic via filter on get_the_excerpt --><\/p>\n","protected":false},"author":27,"featured_media":0,"comment_status":"open","ping_status":"closed","sticky":false,"template":"","format":"standard","meta":[],"categories":[4],"tags":[],"_links":{"self":[{"href":"https:\/\/blogs.hoy.es\/senderosextremadura\/wp-json\/wp\/v2\/posts\/1270"}],"collection":[{"href":"https:\/\/blogs.hoy.es\/senderosextremadura\/wp-json\/wp\/v2\/posts"}],"about":[{"href":"https:\/\/blogs.hoy.es\/senderosextremadura\/wp-json\/wp\/v2\/types\/post"}],"author":[{"embeddable":true,"href":"https:\/\/blogs.hoy.es\/senderosextremadura\/wp-json\/wp\/v2\/users\/27"}],"replies":[{"embeddable":true,"href":"https:\/\/blogs.hoy.es\/senderosextremadura\/wp-json\/wp\/v2\/comments?post=1270"}],"version-history":[{"count":0,"href":"https:\/\/blogs.hoy.es\/senderosextremadura\/wp-json\/wp\/v2\/posts\/1270\/revisions"}],"wp:attachment":[{"href":"https:\/\/blogs.hoy.es\/senderosextremadura\/wp-json\/wp\/v2\/media?parent=1270"}],"wp:term":[{"taxonomy":"category","embeddable":true,"href":"https:\/\/blogs.hoy.es\/senderosextremadura\/wp-json\/wp\/v2\/categories?post=1270"},{"taxonomy":"post_tag","embeddable":true,"href":"https:\/\/blogs.hoy.es\/senderosextremadura\/wp-json\/wp\/v2\/tags?post=1270"}],"curies":[{"name":"wp","href":"https:\/\/api.w.org\/{rel}","templated":true}]}}