{"id":1275,"date":"2013-02-19T17:14:15","date_gmt":"2013-02-19T17:14:15","guid":{"rendered":"http:\/\/blogs.hoy.es\/senderosextremadura\/?p=1275"},"modified":"2013-02-19T17:14:15","modified_gmt":"2013-02-19T17:14:15","slug":"el-mal-tiempo-no-estropeo-la-ruta-por-la-sierra-de-hornachos","status":"publish","type":"post","link":"https:\/\/blogs.hoy.es\/senderosextremadura\/2013\/02\/19\/el-mal-tiempo-no-estropeo-la-ruta-por-la-sierra-de-hornachos\/","title":{"rendered":"El mal tiempo no estrope\u00f3 la ruta por la Sierra de Hornachos (GALER\u00cdA)"},"content":{"rendered":"<div id=\"attachment_1277\" style=\"width: 610px\" class=\"wp-caption aligncenter\"><a href=\"https:\/\/blogs.hoy.es\/senderosextremadura\/2013\/02\/19\/el-mal-tiempo-no-estropeo-la-ruta-por-la-sierra-de-hornachos\/carreres-2\/\" rel=\"attachment wp-att-1277\"><img aria-describedby=\"caption-attachment-1277\" loading=\"lazy\" class=\"size-large wp-image-1277\" src=\"\/senderosextremadura\/wp-content\/uploads\/sites\/22\/2013\/02\/carreres1.jpg\" alt=\"Caminantes en la Sierra de Hornachos. \/ PACO CARRERES\" width=\"600\" height=\"339\" srcset=\"https:\/\/static-blogs.hoy.es\/wp-content\/uploads\/sites\/22\/2013\/02\/carreres1.jpg 1280w, https:\/\/static-blogs.hoy.es\/wp-content\/uploads\/sites\/22\/2013\/02\/carreres1-300x170.jpg 300w, https:\/\/static-blogs.hoy.es\/wp-content\/uploads\/sites\/22\/2013\/02\/carreres1-768x434.jpg 768w, https:\/\/static-blogs.hoy.es\/wp-content\/uploads\/sites\/22\/2013\/02\/carreres1-600x339.jpg 600w\" sizes=\"(max-width: 600px) 100vw, 600px\" \/><\/a><p id=\"caption-attachment-1277\" class=\"wp-caption-text\">Caminantes en la Sierra de Hornachos. \/ PACO CARRERES<\/p><\/div>\n<p><span style=\"font-size: medium;\">La ruta del <a href=\"http:\/\/www.clubcaminantebadajoz.com\/\" rel=\"external nofollow\"><strong>Club del Caminante<\/strong><\/a> por la Sierra de Hornachos el pasado domingo fue del agrado de todos los\u00a0senderistas participantes.Aqu\u00ed puedes ver la <a href=\"http:\/\/www.hoy.es\/multimedia\/fotos\/regional\/115512-ruta-club-caminante-sierra-hornachos-0.html\" rel=\"external nofollow\"><strong>galer\u00eda algunas im\u00e1genes<\/strong><\/a> de la marcha senderista.<!--more-->A pesar de la fina lluvia que empez\u00f3 a caer sobre el mediod\u00eda y que ya casi no paro hasta su final, disfrutaron del recorrido. Lo \u00fanico que el mal tiempo no les dej\u00f3 ver fueron las estupendas vistas que se divisan desde las alturas de la sierra, sobre todo de su fortaleza \u00e1rabe hasta donde subieron para realizar una visita cultural con una gu\u00eda de la localidad que puso el punto final a la ruta.<\/span><\/p>\n<p>&nbsp;<\/p>\n<p>Conoce las pr\u00f3ximas <a href=\"http:\/\/www.clubcaminantebadajoz.com\/\" rel=\"external nofollow\"><strong>rutas del club en su web.<\/strong><\/a><\/p>\n<!-- AddThis Advanced Settings generic via filter on the_content --><!-- AddThis Share Buttons generic via filter on the_content -->","protected":false},"excerpt":{"rendered":"<p>La ruta del Club del Caminante por la Sierra de Hornachos el pasado domingo fue del agrado de todos los\u00a0senderistas participantes.Aqu\u00ed puedes ver la galer\u00eda algunas im\u00e1genes de la marcha senderista.<!-- AddThis Advanced Settings generic via filter on get_the_excerpt --><!-- AddThis Share Buttons generic via filter on get_the_excerpt --><\/p>\n","protected":false},"author":27,"featured_media":0,"comment_status":"open","ping_status":"closed","sticky":false,"template":"","format":"standard","meta":[],"categories":[4],"tags":[214,774,836,910,917,980],"_links":{"self":[{"href":"https:\/\/blogs.hoy.es\/senderosextremadura\/wp-json\/wp\/v2\/posts\/1275"}],"collection":[{"href":"https:\/\/blogs.hoy.es\/senderosextremadura\/wp-json\/wp\/v2\/posts"}],"about":[{"href":"https:\/\/blogs.hoy.es\/senderosextremadura\/wp-json\/wp\/v2\/types\/post"}],"author":[{"embeddable":true,"href":"https:\/\/blogs.hoy.es\/senderosextremadura\/wp-json\/wp\/v2\/users\/27"}],"replies":[{"embeddable":true,"href":"https:\/\/blogs.hoy.es\/senderosextremadura\/wp-json\/wp\/v2\/comments?post=1275"}],"version-history":[{"count":0,"href":"https:\/\/blogs.hoy.es\/senderosextremadura\/wp-json\/wp\/v2\/posts\/1275\/revisions"}],"wp:attachment":[{"href":"https:\/\/blogs.hoy.es\/senderosextremadura\/wp-json\/wp\/v2\/media?parent=1275"}],"wp:term":[{"taxonomy":"category","embeddable":true,"href":"https:\/\/blogs.hoy.es\/senderosextremadura\/wp-json\/wp\/v2\/categories?post=1275"},{"taxonomy":"post_tag","embeddable":true,"href":"https:\/\/blogs.hoy.es\/senderosextremadura\/wp-json\/wp\/v2\/tags?post=1275"}],"curies":[{"name":"wp","href":"https:\/\/api.w.org\/{rel}","templated":true}]}}