{"id":1279,"date":"2013-02-20T16:58:53","date_gmt":"2013-02-20T16:58:53","guid":{"rendered":"http:\/\/blogs.hoy.es\/senderosextremadura\/?p=1279"},"modified":"2013-02-20T16:58:53","modified_gmt":"2013-02-20T16:58:53","slug":"ruta-por-las-hurdes-galeria","status":"publish","type":"post","link":"https:\/\/blogs.hoy.es\/senderosextremadura\/2013\/02\/20\/ruta-por-las-hurdes-galeria\/","title":{"rendered":"Ruta por Las Hurdes (GALER\u00cdA)"},"content":{"rendered":"<p>El pasado domingo 17 de febrero se realiz\u00f3 una ruta de senderismo a trav\u00e9s del <strong>Valle del r\u00edo Esperab\u00e1n<\/strong>. La actividad estaba organizada por el IES &#8220;Gregorio Mara\u00f1\u00f3n&#8221; de Caminomorisco. Aqu\u00ed os dejamos <a href=\"http:\/\/www.hoy.es\/multimedia\/fotos\/ultimos\/115558-ruta-valle-esperaban-hurdes-0.html\" rel=\"external nofollow\"><strong>algunas im\u00e1genes de la marcha<\/strong><\/a>.<\/p>\n<p><a href=\"https:\/\/blogs.hoy.es\/senderosextremadura\/2013\/02\/20\/ruta-por-las-hurdes-galeria\/ruta-hurdes_1007321703_n\/\" rel=\"attachment wp-att-1280\"><img loading=\"lazy\" class=\"aligncenter size-large wp-image-1280\" src=\"\/senderosextremadura\/wp-content\/uploads\/sites\/22\/2013\/02\/ruta-hurdes_1007321703_n.jpg\" alt=\"\" width=\"600\" height=\"400\" srcset=\"https:\/\/static-blogs.hoy.es\/wp-content\/uploads\/sites\/22\/2013\/02\/ruta-hurdes_1007321703_n.jpg 960w, https:\/\/static-blogs.hoy.es\/wp-content\/uploads\/sites\/22\/2013\/02\/ruta-hurdes_1007321703_n-300x200.jpg 300w, https:\/\/static-blogs.hoy.es\/wp-content\/uploads\/sites\/22\/2013\/02\/ruta-hurdes_1007321703_n-768x512.jpg 768w, https:\/\/static-blogs.hoy.es\/wp-content\/uploads\/sites\/22\/2013\/02\/ruta-hurdes_1007321703_n-600x400.jpg 600w\" sizes=\"(max-width: 600px) 100vw, 600px\" \/><\/a><\/p>\n<!-- AddThis Advanced Settings generic via filter on the_content --><!-- AddThis Share Buttons generic via filter on the_content -->","protected":false},"excerpt":{"rendered":"<p>El pasado domingo 17 de febrero se realiz\u00f3 una ruta de senderismo a trav\u00e9s del Valle del r\u00edo Esperab\u00e1n. La actividad estaba organizada por el IES &#8220;Gregorio Mara\u00f1\u00f3n&#8221; de Caminomorisco. Aqu\u00ed os dejamos algunas im\u00e1genes de la marcha.<!-- AddThis Advanced Settings generic via filter on get_the_excerpt --><!-- AddThis Share Buttons generic via filter on get_the_excerpt --><\/p>\n","protected":false},"author":27,"featured_media":0,"comment_status":"open","ping_status":"closed","sticky":false,"template":"","format":"standard","meta":[],"categories":[4],"tags":[777,836,910,917,1035],"_links":{"self":[{"href":"https:\/\/blogs.hoy.es\/senderosextremadura\/wp-json\/wp\/v2\/posts\/1279"}],"collection":[{"href":"https:\/\/blogs.hoy.es\/senderosextremadura\/wp-json\/wp\/v2\/posts"}],"about":[{"href":"https:\/\/blogs.hoy.es\/senderosextremadura\/wp-json\/wp\/v2\/types\/post"}],"author":[{"embeddable":true,"href":"https:\/\/blogs.hoy.es\/senderosextremadura\/wp-json\/wp\/v2\/users\/27"}],"replies":[{"embeddable":true,"href":"https:\/\/blogs.hoy.es\/senderosextremadura\/wp-json\/wp\/v2\/comments?post=1279"}],"version-history":[{"count":0,"href":"https:\/\/blogs.hoy.es\/senderosextremadura\/wp-json\/wp\/v2\/posts\/1279\/revisions"}],"wp:attachment":[{"href":"https:\/\/blogs.hoy.es\/senderosextremadura\/wp-json\/wp\/v2\/media?parent=1279"}],"wp:term":[{"taxonomy":"category","embeddable":true,"href":"https:\/\/blogs.hoy.es\/senderosextremadura\/wp-json\/wp\/v2\/categories?post=1279"},{"taxonomy":"post_tag","embeddable":true,"href":"https:\/\/blogs.hoy.es\/senderosextremadura\/wp-json\/wp\/v2\/tags?post=1279"}],"curies":[{"name":"wp","href":"https:\/\/api.w.org\/{rel}","templated":true}]}}