{"id":1285,"date":"2013-02-21T10:20:47","date_gmt":"2013-02-21T10:20:47","guid":{"rendered":"http:\/\/blogs.hoy.es\/senderosextremadura\/?p=1285"},"modified":"2013-02-21T10:20:47","modified_gmt":"2013-02-21T10:20:47","slug":"puente-de-la-bogana-y-taller-de-fotografia-digiscoping-24-de-febrero","status":"publish","type":"post","link":"https:\/\/blogs.hoy.es\/senderosextremadura\/2013\/02\/21\/puente-de-la-bogana-y-taller-de-fotografia-digiscoping-24-de-febrero\/","title":{"rendered":"Puente de la Boga\u00f1a y taller de fotograf\u00eda digiscoping (24 de febrero)"},"content":{"rendered":"<p><a href=\"https:\/\/blogs.hoy.es\/senderosextremadura\/2013\/02\/21\/puente-de-la-bogana-y-taller-de-fotografia-digiscoping-24-de-febrero\/rutas6\/\" rel=\"attachment wp-att-1287\"><img loading=\"lazy\" class=\"aligncenter size-large wp-image-1287\" src=\"\/senderosextremadura\/wp-content\/uploads\/sites\/22\/2013\/02\/RUTAS6.jpg\" alt=\"\" width=\"600\" height=\"401\" srcset=\"https:\/\/static-blogs.hoy.es\/wp-content\/uploads\/sites\/22\/2013\/02\/RUTAS6.jpg 800w, https:\/\/static-blogs.hoy.es\/wp-content\/uploads\/sites\/22\/2013\/02\/RUTAS6-300x201.jpg 300w, https:\/\/static-blogs.hoy.es\/wp-content\/uploads\/sites\/22\/2013\/02\/RUTAS6-768x514.jpg 768w, https:\/\/static-blogs.hoy.es\/wp-content\/uploads\/sites\/22\/2013\/02\/RUTAS6-600x401.jpg 600w\" sizes=\"(max-width: 600px) 100vw, 600px\" \/><\/a><\/p>\n<p>El domingo, 24 de febrero tendr\u00e1 lugar la ruta de senderismo y taller de fotograf\u00eda t\u00e9cnica digiscoping \u201c<strong>Puente de la Boga\u00f1a,<\/strong> en la que se har\u00e1 un recorrido por las dehesas y el <strong>r\u00edo Alcarrache<\/strong>, corredor ecol\u00f3gico y de biodiversidad, zona de refugio de gran n\u00famero de animales, entre los que destaca la cig\u00fce\u00f1a negra. La ruta est\u00e1 organizada por el Plan de Competitividad Tur\u00edstica Guadiana Internacional, gestionado por el <a href=\"https:\/\/blogs.hoy.es\/senderosextremadura\/web.dip-badajoz.es\/proyectos\/guadiana_internacional\/\"><strong>\u00c1rea de Igualdad y Desarrollo Local de la Diputaci\u00f3n de Badajoz<\/strong><\/a>.<!--more--><\/p>\n<p>La marcha consta de 12,2 kil\u00f3metros. Su dificultad es baja y su<strong> duraci\u00f3n de cinco a seis horas<\/strong>. Pueden realizarla un m\u00ednimo de treinta y un m\u00e1ximo de sesenta personas desde los doce a\u00f1os, acompa\u00f1ados por padres o tutores.<\/p>\n<p>Los participantes estar\u00e1n guiados por un gu\u00eda de naturaleza, un fot\u00f3grafo de naturaleza profesional, un t\u00e9cnico de conducci\u00f3n en el medio natural y un t\u00e9cnico en Enfermer\u00eda o m\u00e9dico. Tambi\u00e9n se contar\u00e1 con un veh\u00edculo de apoyo. La organizaci\u00f3n aportar\u00e1 material t\u00e9cnico de digiscoping para la realizaci\u00f3n de pr\u00e1cticas y los participantes podr\u00e1n llevar c\u00e1mara reflex y\/o compacta, ropa y calzado para salidas al campo, chubasquero y ropa de abrigo, bebida y picnic.<\/p>\n<p><strong>\u00a0Programa<\/strong><\/p>\n<p>-9:00 Llegada de los participantes a la Oficina de Informaci\u00f3n Tur\u00edstica de Villanueva del Fresno.<\/p>\n<p>-9:15 horas. Presentaci\u00f3n de gu\u00edas y t\u00e9cnicos de la ruta.<\/p>\n<p>-9:30 horas. Comienzo del taller de digiscoping, material y t\u00e9cnicas que se practicar\u00e1n durante el recorrido, con distintas paradas en los puntos estrat\u00e9gicos para las distintas explicaciones y pr\u00e1cticas de fotograf\u00eda.<\/p>\n<p>-14:30\u00a0 horas. Llegada al final del recorrido.<\/p>\n<p>Los interesados pueden\u00a0 encontrar esta informaci\u00f3n y el folleto digital en la p\u00e1gina web del Plan de Competitividad Tur\u00edstica Guadiana Internacional:<\/p>\n<p><strong><a href=\"http:\/\/web.dip-badajoz.es\/proyectos\/guadiana_internacional\/\" rel=\"external nofollow\">http:\/\/web.dip-badajoz.es\/proyectos\/guadiana_internacional\/<\/a><\/strong><\/p>\n<p><strong><a href=\"mailto:guadianaint@dip-badajoz.es\">guadianaint@dip-badajoz.es<\/a><\/strong><br \/>\n<a href=\"http:\/\/web.dip-badajoz.es\/proyectos\/guadiana_internacional\/post.php?txt=154097\"><br \/>\n<\/a><\/p>\n<p><strong><a href=\"http:\/\/web.dip-badajoz.es\/proyectos\/guadiana_internacional\/post.php?txt=154097\" rel=\"external nofollow\">M\u00c1S RUTAS DE LA DIPUTACI\u00d3N DE BADAJOZ<\/a><\/strong><\/p>\n<p>&nbsp;<\/p>\n<p>&nbsp;<\/p>\n<!-- AddThis Advanced Settings generic via filter on the_content --><!-- AddThis Share Buttons generic via filter on the_content -->","protected":false},"excerpt":{"rendered":"<p>El domingo, 24 de febrero tendr\u00e1 lugar la ruta de senderismo y taller de fotograf\u00eda t\u00e9cnica digiscoping \u201cPuente de la Boga\u00f1a, en la que se har\u00e1 un recorrido por las dehesas y el r\u00edo Alcarrache, corredor ecol\u00f3gico y de biodiversidad, zona de refugio de gran n\u00famero de animales, entre los que destaca la cig\u00fce\u00f1a negra. [&hellip;]<!-- AddThis Advanced Settings generic via filter on get_the_excerpt --><!-- AddThis Share Buttons generic via filter on get_the_excerpt --><\/p>\n","protected":false},"author":27,"featured_media":0,"comment_status":"open","ping_status":"closed","sticky":false,"template":"","format":"standard","meta":[],"categories":[4],"tags":[356,836,876,933,1007,1035],"_links":{"self":[{"href":"https:\/\/blogs.hoy.es\/senderosextremadura\/wp-json\/wp\/v2\/posts\/1285"}],"collection":[{"href":"https:\/\/blogs.hoy.es\/senderosextremadura\/wp-json\/wp\/v2\/posts"}],"about":[{"href":"https:\/\/blogs.hoy.es\/senderosextremadura\/wp-json\/wp\/v2\/types\/post"}],"author":[{"embeddable":true,"href":"https:\/\/blogs.hoy.es\/senderosextremadura\/wp-json\/wp\/v2\/users\/27"}],"replies":[{"embeddable":true,"href":"https:\/\/blogs.hoy.es\/senderosextremadura\/wp-json\/wp\/v2\/comments?post=1285"}],"version-history":[{"count":0,"href":"https:\/\/blogs.hoy.es\/senderosextremadura\/wp-json\/wp\/v2\/posts\/1285\/revisions"}],"wp:attachment":[{"href":"https:\/\/blogs.hoy.es\/senderosextremadura\/wp-json\/wp\/v2\/media?parent=1285"}],"wp:term":[{"taxonomy":"category","embeddable":true,"href":"https:\/\/blogs.hoy.es\/senderosextremadura\/wp-json\/wp\/v2\/categories?post=1285"},{"taxonomy":"post_tag","embeddable":true,"href":"https:\/\/blogs.hoy.es\/senderosextremadura\/wp-json\/wp\/v2\/tags?post=1285"}],"curies":[{"name":"wp","href":"https:\/\/api.w.org\/{rel}","templated":true}]}}