{"id":1294,"date":"2013-02-24T10:24:58","date_gmt":"2013-02-24T10:24:58","guid":{"rendered":"http:\/\/blogs.hoy.es\/senderosextremadura\/?p=1294"},"modified":"2013-02-24T10:24:58","modified_gmt":"2013-02-24T10:24:58","slug":"hoy-se-celebra-la-ruta-senderista-carlos-v-visita-jaraiz","status":"publish","type":"post","link":"https:\/\/blogs.hoy.es\/senderosextremadura\/2013\/02\/24\/hoy-se-celebra-la-ruta-senderista-carlos-v-visita-jaraiz\/","title":{"rendered":"Hoy se celebra la ruta senderista &#039;Carlos V visita Jara\u00edz&#039;"},"content":{"rendered":"<div><a href=\"https:\/\/blogs.hoy.es\/senderosextremadura\/2013\/02\/24\/hoy-se-celebra-la-ruta-senderista-carlos-v-visita-jaraiz\/carteldelaruta\/\" rel=\"attachment wp-att-1296\"><img loading=\"lazy\" class=\"alignright  wp-image-1296\" src=\"\/senderosextremadura\/wp-content\/uploads\/sites\/22\/2013\/02\/carteldelaruta.jpg\" alt=\"\" width=\"354\" height=\"532\" srcset=\"https:\/\/static-blogs.hoy.es\/wp-content\/uploads\/sites\/22\/2013\/02\/carteldelaruta.jpg 880w, https:\/\/static-blogs.hoy.es\/wp-content\/uploads\/sites\/22\/2013\/02\/carteldelaruta-199x300.jpg 199w, https:\/\/static-blogs.hoy.es\/wp-content\/uploads\/sites\/22\/2013\/02\/carteldelaruta-768x1155.jpg 768w, https:\/\/static-blogs.hoy.es\/wp-content\/uploads\/sites\/22\/2013\/02\/carteldelaruta-600x903.jpg 600w\" sizes=\"(max-width: 354px) 100vw, 354px\" \/><\/a>Hoy domingo, d\u00eda 24, tendr\u00e1 lugar la segunda edici\u00f3n de la ruta senderista &#8216;<strong>Carlos V visita Jara\u00edz<\/strong>&#8216;. Dar\u00e1 comienzo a las 9 horas, con el traslado en autob\u00fas, gratuito, desde Jara\u00edz a Cuacos de Yuste. En esta \u00faltima localidad, a las 10.30 horas, se iniciar\u00e1 la marcha a pie hasta Jara\u00edz por el camino de Valfr\u00edo en direcci\u00f3n a Collado. Un recorrido de unos diez kil\u00f3metros, de dificultad baja, que se lleva a cabo en dos horas y media, por camino con buen firme y conservaci\u00f3n.<\/div>\n<div>Y al mediod\u00eda, concretamente a las 12.30 horas, desde el polideportivo jaraice\u00f1o, saldr\u00e1 Carlos V y su comitiva para dirigirse a la Plaza Mayor, en donde se llevar\u00e1 a cabo una recepci\u00f3n oficial al Emperador y ofrecimiento de viandas. Alrededor de las 13.30 horas, habr\u00e1 una degustaci\u00f3n de productos t\u00edpicos y viandas matanceras.<\/div>\n<div>Y, por \u00faltimo, a las 20 horas, en el teatro-cine Avenida, <strong>concierto de Acetre<\/strong>.<\/div>\n<div><\/div>\n<div>En este enlace pod\u00e9is ver <a href=\"http:\/\/www.youtube.com\/watch?v=tDeoSonu1Xw\" target=\"_blank\" rel=\"external nofollow\"><strong> im\u00e1genes de la edici\u00f3n 2012.<\/strong><\/a><\/div>\n<!-- AddThis Advanced Settings generic via filter on the_content --><!-- AddThis Share Buttons generic via filter on the_content -->","protected":false},"excerpt":{"rendered":"<p>Hoy domingo, d\u00eda 24, tendr\u00e1 lugar la segunda edici\u00f3n de la ruta senderista &#8216;Carlos V visita Jara\u00edz&#8216;. Dar\u00e1 comienzo a las 9 horas, con el traslado en autob\u00fas, gratuito, desde Jara\u00edz a Cuacos de Yuste. En esta \u00faltima localidad, a las 10.30 horas, se iniciar\u00e1 la marcha a pie hasta Jara\u00edz por el camino de [&hellip;]<!-- AddThis Advanced Settings generic via filter on get_the_excerpt --><!-- AddThis Share Buttons generic via filter on get_the_excerpt --><\/p>\n","protected":false},"author":27,"featured_media":0,"comment_status":"open","ping_status":"closed","sticky":false,"template":"","format":"standard","meta":[],"categories":[4],"tags":[821,873,917],"_links":{"self":[{"href":"https:\/\/blogs.hoy.es\/senderosextremadura\/wp-json\/wp\/v2\/posts\/1294"}],"collection":[{"href":"https:\/\/blogs.hoy.es\/senderosextremadura\/wp-json\/wp\/v2\/posts"}],"about":[{"href":"https:\/\/blogs.hoy.es\/senderosextremadura\/wp-json\/wp\/v2\/types\/post"}],"author":[{"embeddable":true,"href":"https:\/\/blogs.hoy.es\/senderosextremadura\/wp-json\/wp\/v2\/users\/27"}],"replies":[{"embeddable":true,"href":"https:\/\/blogs.hoy.es\/senderosextremadura\/wp-json\/wp\/v2\/comments?post=1294"}],"version-history":[{"count":0,"href":"https:\/\/blogs.hoy.es\/senderosextremadura\/wp-json\/wp\/v2\/posts\/1294\/revisions"}],"wp:attachment":[{"href":"https:\/\/blogs.hoy.es\/senderosextremadura\/wp-json\/wp\/v2\/media?parent=1294"}],"wp:term":[{"taxonomy":"category","embeddable":true,"href":"https:\/\/blogs.hoy.es\/senderosextremadura\/wp-json\/wp\/v2\/categories?post=1294"},{"taxonomy":"post_tag","embeddable":true,"href":"https:\/\/blogs.hoy.es\/senderosextremadura\/wp-json\/wp\/v2\/tags?post=1294"}],"curies":[{"name":"wp","href":"https:\/\/api.w.org\/{rel}","templated":true}]}}