{"id":1297,"date":"2013-02-24T10:33:07","date_gmt":"2013-02-24T10:33:07","guid":{"rendered":"http:\/\/blogs.hoy.es\/senderosextremadura\/?p=1297"},"modified":"2013-02-24T10:33:07","modified_gmt":"2013-02-24T10:33:07","slug":"prisinas-emprende-su-camino-por-las-veredas-de-olivenza","status":"publish","type":"post","link":"https:\/\/blogs.hoy.es\/senderosextremadura\/2013\/02\/24\/prisinas-emprende-su-camino-por-las-veredas-de-olivenza\/","title":{"rendered":"Prisi\u00f1as emprende su camino por las veredas de Olivenza"},"content":{"rendered":"<div>\n<div class=\"mceTemp\">\n<dl>\n<dt><\/dt>\n<dd><a href=\"https:\/\/blogs.hoy.es\/senderosextremadura\/2013\/02\/24\/prisinas-emprende-su-camino-por-las-veredas-de-olivenza\/miembros-club\/\" rel=\"attachment wp-att-1300\"><img loading=\"lazy\" class=\"size-large wp-image-1300\" src=\"\/senderosextremadura\/wp-content\/uploads\/sites\/22\/2013\/02\/miembros-club.jpg\" alt=\"Miembros del club L@s Prisi\u00f1as de Olivenza. \/ CEDIDA\" width=\"600\" height=\"278\" srcset=\"https:\/\/static-blogs.hoy.es\/wp-content\/uploads\/sites\/22\/2013\/02\/miembros-club.jpg 647w, https:\/\/static-blogs.hoy.es\/wp-content\/uploads\/sites\/22\/2013\/02\/miembros-club-300x139.jpg 300w, https:\/\/static-blogs.hoy.es\/wp-content\/uploads\/sites\/22\/2013\/02\/miembros-club-600x278.jpg 600w\" sizes=\"(max-width: 600px) 100vw, 600px\" \/><\/a>Miembros del club L@s Prisi\u00f1as de Olivenza. \/ CEDIDA<\/dd>\n<\/dl>\n<\/div>\n<p>Hoy\u00a0 estamos de enhorabuena. <strong>Nace un nuevo club cenderista en Extremadura<\/strong>, esta vez en <a href=\"www.hoyolivenza.es\"><strong>Olivenza<\/strong><\/a>. El club, que lleva el original nombre de\u00a0<strong> L@s Prisi\u00f1as<\/strong>, es el primero de esta modalidad de este hermoso municipio fronterizo. <!--more--><\/p>\n<p>Seg\u00fan cuentan sus responsables, el club &#8220;surgi\u00f3 del entusiasmo y las ganas de vivir nuevas experiencias de un conjunto de amigos&#8221;. Su ilusi\u00f3n y su pasi\u00f3n por el deporte y la naturaleza les llev\u00f3 a emprender esta iniciativa. Su proyecto est\u00e1 destinado a buscar nuevas formas de diversi\u00f3n a todos los aficionados al senderismo y a proporcionar ante todo deporte y salud.<\/p>\n<\/div>\n<div>Durante este a\u00f1o 2013 realizar\u00e1n tres rutas en la zona de Olivenza. La primera ser\u00e1 el d\u00eda 5 de mayo y pretende ser una ruta diferente, con muchas novedades para todos los que quieran acompa\u00f1arlos por los senderos de esta bonita comarca. Adem\u00e1s organizar\u00e1n las salidas a rutas de otras localidades extreme\u00f1as.<\/div>\n<div><\/div>\n<div>Para contactar con el club puede hacerse a trav\u00e9s de su correo electr\u00f3nico <a href=\"mailto:clubsenderistaolivenza@yahoo.es\" target=\"_blank\">clubsenderistaolivenza@yahoo.es<\/a> o al tel\u00e9fono 625335263. Su p\u00e1gina del facebook est\u00e1 abierta para todos aquellos que quieran unirse <a href=\"http:\/\/www.facebook.com\/club.prisinas\" target=\"_blank\" rel=\"external nofollow\">http:\/\/www.facebook.com\/club.prisinas<\/a>.<\/div>\n<div><\/div>\n<div>En breve se abrir\u00e1n las inscripciones para asociados y a trav\u00e9s de su p\u00e1gina ir\u00e1n informando sobre las rutas que organicen.<\/div>\n<div><\/div>\n<div><a href=\"https:\/\/blogs.hoy.es\/senderosextremadura\/2013\/02\/24\/prisinas-emprende-su-camino-por-las-veredas-de-olivenza\/logo-9\/\" rel=\"attachment wp-att-1299\"><img loading=\"lazy\" class=\"alignright  wp-image-1299\" src=\"\/senderosextremadura\/wp-content\/uploads\/sites\/22\/2013\/02\/logo-9.jpg\" alt=\"\" width=\"531\" height=\"341\" srcset=\"https:\/\/static-blogs.hoy.es\/wp-content\/uploads\/sites\/22\/2013\/02\/logo-9.jpg 1280w, https:\/\/static-blogs.hoy.es\/wp-content\/uploads\/sites\/22\/2013\/02\/logo-9-300x193.jpg 300w, https:\/\/static-blogs.hoy.es\/wp-content\/uploads\/sites\/22\/2013\/02\/logo-9-768x494.jpg 768w, https:\/\/static-blogs.hoy.es\/wp-content\/uploads\/sites\/22\/2013\/02\/logo-9-600x386.jpg 600w\" sizes=\"(max-width: 531px) 100vw, 531px\" \/><\/a><\/div>\n<div><\/div>\n<!-- AddThis Advanced Settings generic via filter on the_content --><!-- AddThis Share Buttons generic via filter on the_content -->","protected":false},"excerpt":{"rendered":"<p>Miembros del club L@s Prisi\u00f1as de Olivenza. \/ CEDIDA Hoy\u00a0 estamos de enhorabuena. Nace un nuevo club cenderista en Extremadura, esta vez en Olivenza. El club, que lleva el original nombre de\u00a0 L@s Prisi\u00f1as, es el primero de esta modalidad de este hermoso municipio fronterizo.<!-- AddThis Advanced Settings generic via filter on get_the_excerpt --><!-- AddThis Share Buttons generic via filter on get_the_excerpt --><\/p>\n","protected":false},"author":27,"featured_media":0,"comment_status":"open","ping_status":"closed","sticky":false,"template":"","format":"standard","meta":[],"categories":[3,4],"tags":[256,587,817,836,906,917,942],"_links":{"self":[{"href":"https:\/\/blogs.hoy.es\/senderosextremadura\/wp-json\/wp\/v2\/posts\/1297"}],"collection":[{"href":"https:\/\/blogs.hoy.es\/senderosextremadura\/wp-json\/wp\/v2\/posts"}],"about":[{"href":"https:\/\/blogs.hoy.es\/senderosextremadura\/wp-json\/wp\/v2\/types\/post"}],"author":[{"embeddable":true,"href":"https:\/\/blogs.hoy.es\/senderosextremadura\/wp-json\/wp\/v2\/users\/27"}],"replies":[{"embeddable":true,"href":"https:\/\/blogs.hoy.es\/senderosextremadura\/wp-json\/wp\/v2\/comments?post=1297"}],"version-history":[{"count":0,"href":"https:\/\/blogs.hoy.es\/senderosextremadura\/wp-json\/wp\/v2\/posts\/1297\/revisions"}],"wp:attachment":[{"href":"https:\/\/blogs.hoy.es\/senderosextremadura\/wp-json\/wp\/v2\/media?parent=1297"}],"wp:term":[{"taxonomy":"category","embeddable":true,"href":"https:\/\/blogs.hoy.es\/senderosextremadura\/wp-json\/wp\/v2\/categories?post=1297"},{"taxonomy":"post_tag","embeddable":true,"href":"https:\/\/blogs.hoy.es\/senderosextremadura\/wp-json\/wp\/v2\/tags?post=1297"}],"curies":[{"name":"wp","href":"https:\/\/api.w.org\/{rel}","templated":true}]}}