{"id":1302,"date":"2013-03-03T08:50:50","date_gmt":"2013-03-03T08:50:50","guid":{"rendered":"http:\/\/blogs.hoy.es\/senderosextremadura\/?p=1302"},"modified":"2013-03-03T08:50:50","modified_gmt":"2013-03-03T08:50:50","slug":"via-verde-recorrera-la-sierra-grande-de-hornachos-10-de-marzo","status":"publish","type":"post","link":"https:\/\/blogs.hoy.es\/senderosextremadura\/2013\/03\/03\/via-verde-recorrera-la-sierra-grande-de-hornachos-10-de-marzo\/","title":{"rendered":"V\u00eda Verde recorrer\u00e1 la Sierra Grande de Hornachos (10 de marzo)"},"content":{"rendered":"<h3><\/h3>\n<h3><a href=\"https:\/\/blogs.hoy.es\/senderosextremadura\/2013\/03\/03\/via-verde-recorrera-la-sierra-grande-de-hornachos-10-de-marzo\/senderismo-hornachos\/\" rel=\"attachment wp-att-1335\"><img loading=\"lazy\" class=\"alignright  wp-image-1335\" title=\"senderismo-hornachos\" src=\"\/senderosextremadura\/wp-content\/uploads\/sites\/22\/2013\/02\/senderismo-hornachos.jpg\" alt=\"\" width=\"316\" height=\"447\" srcset=\"https:\/\/static-blogs.hoy.es\/wp-content\/uploads\/sites\/22\/2013\/02\/senderismo-hornachos.jpg 679w, https:\/\/static-blogs.hoy.es\/wp-content\/uploads\/sites\/22\/2013\/02\/senderismo-hornachos-212x300.jpg 212w, https:\/\/static-blogs.hoy.es\/wp-content\/uploads\/sites\/22\/2013\/02\/senderismo-hornachos-600x848.jpg 600w\" sizes=\"(max-width: 316px) 100vw, 316px\" \/><\/a><a href=\"http:\/\/www.facebook.com\/senderismo.laviaverde\" rel=\"external nofollow\">Senderismo V\u00eda Verde<\/a> realizar\u00e1 el pr\u00f3ximo 10 marzo una ruta por la Sierra Grande\u00a0 de Hornachos. Bell\u00edsimos paisajes de una de las zonas mejor conservadas del centro de Extremadura. La marcha tendr\u00e1 un recorrido de 16,5 kil\u00f3metros y durar\u00e1 unas cinco horas y media. Si quer\u00e9is inscribiros pod\u00e9is contactar con el club a trav\u00e9s de senderismoviaverde@gmail.com<\/h3>\n<h3>Os dejamos una <a href=\"http:\/\/www.hoy.es\/multimedia\/fotos\/regional\/115512-ruta-club-caminante-sierra-hornachos-0.html\" rel=\"external nofollow\">galer\u00eda de fotos<\/a> de la ruta que realiz\u00f3 por estos mismos parajes el Club del Caminantes de Badajoz.<\/h3>\n<p>&nbsp;<\/p>\n<p><a href=\"http:\/\/www.facebook.com\/senderismo.laviaverde?ref=ts&#038;fref=ts\" rel=\"external nofollow\"><strong>S\u00edgueles en Facebook<\/strong><\/a><\/p>\n<!-- AddThis Advanced Settings generic via filter on the_content --><!-- AddThis Share Buttons generic via filter on the_content -->","protected":false},"excerpt":{"rendered":"<p>Senderismo V\u00eda Verde realizar\u00e1 el pr\u00f3ximo 10 marzo una ruta por la Sierra Grande\u00a0 de Hornachos. Bell\u00edsimos paisajes de una de las zonas mejor conservadas del centro de Extremadura. La marcha tendr\u00e1 un recorrido de 16,5 kil\u00f3metros y durar\u00e1 unas cinco horas y media. Si quer\u00e9is inscribiros pod\u00e9is contactar con el club a trav\u00e9s de [&hellip;]<!-- AddThis Advanced Settings generic via filter on get_the_excerpt --><!-- AddThis Share Buttons generic via filter on get_the_excerpt --><\/p>\n","protected":false},"author":27,"featured_media":0,"comment_status":"open","ping_status":"closed","sticky":false,"template":"","format":"standard","meta":[],"categories":[4],"tags":[817,906,937,942,1035],"_links":{"self":[{"href":"https:\/\/blogs.hoy.es\/senderosextremadura\/wp-json\/wp\/v2\/posts\/1302"}],"collection":[{"href":"https:\/\/blogs.hoy.es\/senderosextremadura\/wp-json\/wp\/v2\/posts"}],"about":[{"href":"https:\/\/blogs.hoy.es\/senderosextremadura\/wp-json\/wp\/v2\/types\/post"}],"author":[{"embeddable":true,"href":"https:\/\/blogs.hoy.es\/senderosextremadura\/wp-json\/wp\/v2\/users\/27"}],"replies":[{"embeddable":true,"href":"https:\/\/blogs.hoy.es\/senderosextremadura\/wp-json\/wp\/v2\/comments?post=1302"}],"version-history":[{"count":0,"href":"https:\/\/blogs.hoy.es\/senderosextremadura\/wp-json\/wp\/v2\/posts\/1302\/revisions"}],"wp:attachment":[{"href":"https:\/\/blogs.hoy.es\/senderosextremadura\/wp-json\/wp\/v2\/media?parent=1302"}],"wp:term":[{"taxonomy":"category","embeddable":true,"href":"https:\/\/blogs.hoy.es\/senderosextremadura\/wp-json\/wp\/v2\/categories?post=1302"},{"taxonomy":"post_tag","embeddable":true,"href":"https:\/\/blogs.hoy.es\/senderosextremadura\/wp-json\/wp\/v2\/tags?post=1302"}],"curies":[{"name":"wp","href":"https:\/\/api.w.org\/{rel}","templated":true}]}}