{"id":1310,"date":"2013-03-11T12:11:31","date_gmt":"2013-03-11T12:11:31","guid":{"rendered":"http:\/\/blogs.hoy.es\/senderosextremadura\/?p=1310"},"modified":"2013-03-11T12:11:31","modified_gmt":"2013-03-11T12:11:31","slug":"i-ruta-senderista-por-la-igualdad-en-el-valle-del-jerte-7-de-abril","status":"publish","type":"post","link":"https:\/\/blogs.hoy.es\/senderosextremadura\/2013\/03\/11\/i-ruta-senderista-por-la-igualdad-en-el-valle-del-jerte-7-de-abril\/","title":{"rendered":"I Ruta Senderista por la Igualdad en el Valle del Jerte (7 de abril)"},"content":{"rendered":"<div>\n<div id=\"attachment_1312\" style=\"width: 610px\" class=\"wp-caption aligncenter\"><a href=\"https:\/\/blogs.hoy.es\/senderosextremadura\/2013\/03\/11\/i-ruta-senderista-por-la-igualdad-en-el-valle-del-jerte-7-de-abril\/valle-jerte13\/\" rel=\"attachment wp-att-1312\"><img aria-describedby=\"caption-attachment-1312\" loading=\"lazy\" class=\"size-large wp-image-1312 \" title=\"Cartel de la ruta.\" src=\"\/senderosextremadura\/wp-content\/uploads\/sites\/22\/2013\/02\/valle-jerte13.jpg\" alt=\"Cartel de la ruta.\" width=\"600\" height=\"386\" srcset=\"https:\/\/static-blogs.hoy.es\/wp-content\/uploads\/sites\/22\/2013\/02\/valle-jerte13.jpg 1280w, https:\/\/static-blogs.hoy.es\/wp-content\/uploads\/sites\/22\/2013\/02\/valle-jerte13-300x193.jpg 300w, https:\/\/static-blogs.hoy.es\/wp-content\/uploads\/sites\/22\/2013\/02\/valle-jerte13-768x494.jpg 768w, https:\/\/static-blogs.hoy.es\/wp-content\/uploads\/sites\/22\/2013\/02\/valle-jerte13-600x386.jpg 600w\" sizes=\"(max-width: 600px) 100vw, 600px\" \/><\/a><p id=\"caption-attachment-1312\" class=\"wp-caption-text\">Cartel de la ruta.<\/p><\/div>\n<p>El d\u00eda 7 de abril tendr\u00e1 lugar en el <strong>Valle del Jerte<\/strong> la <strong><a href=\"http:\/\/www.vallecereza.com\/noticias\/i-ruta-senderista-por-la-igualdad-en-el-valle-del-jerte\" rel=\"external nofollow\">I Ruta Senderista por la Igualdad<\/a>.<\/strong> El dinero recaudado ir\u00e1 para el programa \u201cDe mujer a mujer\u201d de la Fundaci\u00f3n Vicente Ferrer <a href=\"http:\/\/www.fundacionvicenteferrer.org\/\" rel=\"external nofollow\">www.fundacionvicenteferrer.org<\/a><\/p>\n<p><!--more--><\/p>\n<p><strong>Datos de la Ruta:<\/strong><\/p>\n<p>D\u00eda: 7 de abril<\/p>\n<p>Salida: 10:30 desde la Plaza Mayor de Cabrero<\/p>\n<p>Dificultad: media\/baja<\/p>\n<p>Distancia: 12 km<\/p>\n<p>Duraci\u00f3n: 4,5 horas aprox.<\/p>\n<p>Inscripci\u00f3n: 3 euros<\/p>\n<p>Plazo de inscripci\u00f3n: hasta el 2 de abril<\/p>\n<p>Informaci\u00f3n: 927 472 134<\/p>\n<p><strong>Inscripciones:<\/strong> Para inscribirse en la I Ruta Senderista por la igualdad en el Valle del Jerte es obligatorio rellenar el formulario de inscripci\u00f3n y efectuar el pago de la cuota.<\/p>\n<p>Efectuar s\u00f3lo el pago no da derecho para participar en la ruta. Una vez rellenado el formulario y comprobado por parte de la organizaci\u00f3n el pago de la cuota, se confirmar\u00e1 por correo electr\u00f3nico que la persona interesada est\u00e1 inscrita. El plazo de inscripci\u00f3n ser\u00e1 hasta el 2 de abril. \u00a0Se debe realizar una inscripci\u00f3n por persona, puedes encontrar el formulario en <a href=\"http:\/\/rutasenderistacerezoenflor.blogspot.com.es\/p\/blog-page_7.html\" rel=\"external nofollow\">ESTE ENLACE<\/a>.\u00a0El precio de inscripci\u00f3n es de 3 \u20ac a ingresar en el n\u00famero de cuenta 2048.1039.76.3400002201 haciendo constar \u201cRuta Igualdad: Nombre y Apellidos\u201d. Para m\u00e1s informaci\u00f3n haz click <a href=\"http:\/\/rutasenderistacerezoenflor.blogspot.com.es\/p\/blog-page_7.html\" rel=\"external nofollow\">AQU\u00cd<\/a> o escribe a <a href=\"mailto:oficinaigualdad@mancomunidadvalledeljerte.com\">oficinaigualdad@mancomunidadvalledeljerte.com<\/a><\/p>\n<\/div>\n<!-- AddThis Advanced Settings generic via filter on the_content --><!-- AddThis Share Buttons generic via filter on the_content -->","protected":false},"excerpt":{"rendered":"<p>El d\u00eda 7 de abril tendr\u00e1 lugar en el Valle del Jerte la I Ruta Senderista por la Igualdad. El dinero recaudado ir\u00e1 para el programa \u201cDe mujer a mujer\u201d de la Fundaci\u00f3n Vicente Ferrer www.fundacionvicenteferrer.org<!-- AddThis Advanced Settings generic via filter on get_the_excerpt --><!-- AddThis Share Buttons generic via filter on get_the_excerpt --><\/p>\n","protected":false},"author":27,"featured_media":0,"comment_status":"open","ping_status":"closed","sticky":false,"template":"","format":"standard","meta":[],"categories":[4],"tags":[],"_links":{"self":[{"href":"https:\/\/blogs.hoy.es\/senderosextremadura\/wp-json\/wp\/v2\/posts\/1310"}],"collection":[{"href":"https:\/\/blogs.hoy.es\/senderosextremadura\/wp-json\/wp\/v2\/posts"}],"about":[{"href":"https:\/\/blogs.hoy.es\/senderosextremadura\/wp-json\/wp\/v2\/types\/post"}],"author":[{"embeddable":true,"href":"https:\/\/blogs.hoy.es\/senderosextremadura\/wp-json\/wp\/v2\/users\/27"}],"replies":[{"embeddable":true,"href":"https:\/\/blogs.hoy.es\/senderosextremadura\/wp-json\/wp\/v2\/comments?post=1310"}],"version-history":[{"count":0,"href":"https:\/\/blogs.hoy.es\/senderosextremadura\/wp-json\/wp\/v2\/posts\/1310\/revisions"}],"wp:attachment":[{"href":"https:\/\/blogs.hoy.es\/senderosextremadura\/wp-json\/wp\/v2\/media?parent=1310"}],"wp:term":[{"taxonomy":"category","embeddable":true,"href":"https:\/\/blogs.hoy.es\/senderosextremadura\/wp-json\/wp\/v2\/categories?post=1310"},{"taxonomy":"post_tag","embeddable":true,"href":"https:\/\/blogs.hoy.es\/senderosextremadura\/wp-json\/wp\/v2\/tags?post=1310"}],"curies":[{"name":"wp","href":"https:\/\/api.w.org\/{rel}","templated":true}]}}