{"id":1314,"date":"2013-03-10T09:51:17","date_gmt":"2013-03-10T09:51:17","guid":{"rendered":"http:\/\/blogs.hoy.es\/senderosextremadura\/?p=1314"},"modified":"2013-03-10T09:51:17","modified_gmt":"2013-03-10T09:51:17","slug":"caldereta-y-sorteos-en-la-ii-marcha-senderista-valdearenales-17-de-marzo","status":"publish","type":"post","link":"https:\/\/blogs.hoy.es\/senderosextremadura\/2013\/03\/10\/caldereta-y-sorteos-en-la-ii-marcha-senderista-valdearenales-17-de-marzo\/","title":{"rendered":"Caldereta y sorteos en la II Marcha Senderista Valdearenales (17 de marzo)"},"content":{"rendered":"<p><a href=\"https:\/\/blogs.hoy.es\/senderosextremadura\/2013\/03\/10\/caldereta-y-sorteos-en-la-ii-marcha-senderista-valdearenales-17-de-marzo\/valdea-2\/\" rel=\"attachment wp-att-1329\"><img loading=\"lazy\" class=\"aligncenter  wp-image-1329\" title=\"Cartel de la ruta\" src=\"\/senderosextremadura\/wp-content\/uploads\/sites\/22\/2013\/03\/valdea1.jpg\" alt=\"\" width=\"431\" height=\"538\" srcset=\"https:\/\/static-blogs.hoy.es\/wp-content\/uploads\/sites\/22\/2013\/03\/valdea1.jpg 768w, https:\/\/static-blogs.hoy.es\/wp-content\/uploads\/sites\/22\/2013\/03\/valdea1-240x300.jpg 240w, https:\/\/static-blogs.hoy.es\/wp-content\/uploads\/sites\/22\/2013\/03\/valdea1-600x750.jpg 600w\" sizes=\"(max-width: 431px) 100vw, 431px\" \/><\/a><\/p>\n<p>&nbsp;<\/p>\n<p>El pr\u00f3ximo 17 de marzo se celebra la \u201cII Marcha Senderista Valdearenales\u201d. En esta ocasi\u00f3n discurre por el paraje que lleva su nombre. Valdearenales est\u00e1 situado en la zona sur del t\u00e9rmino municipal de Guare\u00f1a. Los mayores del lugar explican que su significado se debe a bald\u00edos de arenales y que luego, con el tiempo, pasara a denominarse <em>Valdearenales<\/em>. Su orograf\u00eda y terreno est\u00e1 determinado por leves cerros, caminos y veredas.<!--more--><\/p>\n<p>Es rica en fauna y flora bien cantada en poemas del insigne vate extreme\u00f1o, Luis Chamizo Trigueros, Hijo Ilustre de la Villa de Guare\u00f1a, quien ensalz\u00f3 las virtudes y los encantos que encierra <em>Valdearenales<\/em> en sus coplillas po\u00e9ticas de versos en habla <em>cast\u00faa<\/em>. En todo su conjunto el olivo es la planta m\u00e1s predominante, adem\u00e1s de la encina, alcornoques, algunos robles\u2026 En cuanto a vegetaci\u00f3n dominan las jaras, hinojos, tagarninas, esp\u00e1rragos trigueros, brezo, retamas, t\u00e9 silvestre, romero,<\/p>\n<p>Por lo que refiere a la fauna, la zona est\u00e1 poblada de perdices, conejos, liebres, \u00e1guilas perdiceras, zorros.<\/p>\n<p>Nos concentraremos en el pabell\u00f3n Municipal \u201cLa Encina\u201d a las 9:00 horas. La salida la efectuaremos desde la Ermita San Isidro situada en el pantano de San Roque, desde all\u00ed nos dirigiremos a Cristina, localidad vecina, para subir la sierrecilla bajando por la Ca\u00f1ada Real leonesa. Nos adentraremos en el paraje que describ\u00eda nuestro poeta como \u201cVardearenales\u201d para caminar entre olivares y dehesas de encinales y alcornocales para recorrer unos 18 Km en total.<\/p>\n<p>Al finalizar la ruta, con el n\u00famero de inscripci\u00f3n, se sortear\u00e1n unas botas, una mochila y unos bastones, con el fin de agradecer la presencia a los participantes. Los organizadores tambi\u00e9n ofrecer\u00e1n una degustaci\u00f3n de caldereta extreme\u00f1a junto con un refresco.<\/p>\n<p>Las inscripciones ser\u00e1n gratuitas y obligatorias en el correo electr\u00f3nico <strong>valderenales@hotmail.com<\/strong>\u00a0 hasta el jueves d\u00eda 14 de marzo.<\/p>\n<p><strong>Concentraci\u00f3n:<\/strong> Pabell\u00f3n \u201cLa Encina\u201d\u00a0 a las 9:00 horas.<\/p>\n<p><strong>Dificultad:<\/strong> media-baja.<\/p>\n<p><strong>Recorrido:<\/strong> 18 kil\u00f3metros<\/p>\n<p>&nbsp;<\/p>\n<p>&nbsp;<\/p>\n<!-- AddThis Advanced Settings generic via filter on the_content --><!-- AddThis Share Buttons generic via filter on the_content -->","protected":false},"excerpt":{"rendered":"<p>&nbsp; El pr\u00f3ximo 17 de marzo se celebra la \u201cII Marcha Senderista Valdearenales\u201d. En esta ocasi\u00f3n discurre por el paraje que lleva su nombre. Valdearenales est\u00e1 situado en la zona sur del t\u00e9rmino municipal de Guare\u00f1a. Los mayores del lugar explican que su significado se debe a bald\u00edos de arenales y que luego, con el [&hellip;]<!-- AddThis Advanced Settings generic via filter on get_the_excerpt --><!-- AddThis Share Buttons generic via filter on get_the_excerpt --><\/p>\n","protected":false},"author":27,"featured_media":0,"comment_status":"open","ping_status":"closed","sticky":false,"template":"","format":"standard","meta":[],"categories":[4],"tags":[792,836,906],"_links":{"self":[{"href":"https:\/\/blogs.hoy.es\/senderosextremadura\/wp-json\/wp\/v2\/posts\/1314"}],"collection":[{"href":"https:\/\/blogs.hoy.es\/senderosextremadura\/wp-json\/wp\/v2\/posts"}],"about":[{"href":"https:\/\/blogs.hoy.es\/senderosextremadura\/wp-json\/wp\/v2\/types\/post"}],"author":[{"embeddable":true,"href":"https:\/\/blogs.hoy.es\/senderosextremadura\/wp-json\/wp\/v2\/users\/27"}],"replies":[{"embeddable":true,"href":"https:\/\/blogs.hoy.es\/senderosextremadura\/wp-json\/wp\/v2\/comments?post=1314"}],"version-history":[{"count":0,"href":"https:\/\/blogs.hoy.es\/senderosextremadura\/wp-json\/wp\/v2\/posts\/1314\/revisions"}],"wp:attachment":[{"href":"https:\/\/blogs.hoy.es\/senderosextremadura\/wp-json\/wp\/v2\/media?parent=1314"}],"wp:term":[{"taxonomy":"category","embeddable":true,"href":"https:\/\/blogs.hoy.es\/senderosextremadura\/wp-json\/wp\/v2\/categories?post=1314"},{"taxonomy":"post_tag","embeddable":true,"href":"https:\/\/blogs.hoy.es\/senderosextremadura\/wp-json\/wp\/v2\/tags?post=1314"}],"curies":[{"name":"wp","href":"https:\/\/api.w.org\/{rel}","templated":true}]}}