{"id":1316,"date":"2013-02-27T10:54:17","date_gmt":"2013-02-27T10:54:17","guid":{"rendered":"http:\/\/blogs.hoy.es\/senderosextremadura\/?p=1316"},"modified":"2013-02-27T10:54:17","modified_gmt":"2013-02-27T10:54:17","slug":"salida-a-gredos-con-geografica-9-y-10-de-marzo","status":"publish","type":"post","link":"https:\/\/blogs.hoy.es\/senderosextremadura\/2013\/02\/27\/salida-a-gredos-con-geografica-9-y-10-de-marzo\/","title":{"rendered":"Salida a Gredos con Geogr\u00e1fica (9 y 10 de marzo)"},"content":{"rendered":"<p>&nbsp;<\/p>\n<p><a href=\"https:\/\/blogs.hoy.es\/senderosextremadura\/2013\/02\/27\/salida-a-gredos-con-geografica-9-y-10-de-marzo\/salidagredos4\/\" rel=\"attachment wp-att-1317\"><img loading=\"lazy\" class=\"aligncenter size-large wp-image-1317\" src=\"\/senderosextremadura\/wp-content\/uploads\/sites\/22\/2013\/02\/salidagredos4.jpg\" alt=\"\" width=\"600\" height=\"300\" srcset=\"https:\/\/static-blogs.hoy.es\/wp-content\/uploads\/sites\/22\/2013\/02\/salidagredos4.jpg 800w, https:\/\/static-blogs.hoy.es\/wp-content\/uploads\/sites\/22\/2013\/02\/salidagredos4-300x150.jpg 300w, https:\/\/static-blogs.hoy.es\/wp-content\/uploads\/sites\/22\/2013\/02\/salidagredos4-768x384.jpg 768w, https:\/\/static-blogs.hoy.es\/wp-content\/uploads\/sites\/22\/2013\/02\/salidagredos4-600x300.jpg 600w\" sizes=\"(max-width: 600px) 100vw, 600px\" \/><\/a><\/p>\n<p>Si te gustan las actividades en la monta\u00f1a, la Asociaci\u00f3n Geogr\u00e1fica organiza el fin de semana del 9 y 10 de marzo su primera salida por la Sierra de Gredos. Si estas interesado en la ruta, ya sea para informarte o para inscribirte, puedes hacerlo en la oficina de Geogr\u00e1fica de lunes a viernes,\u00a0 de 10 a 13:30 horas y de 17 a 20 horas ( Tlf.: 924 278 561 .<\/p>\n<p>Centro de Negocios Nevero. Calle Nevero Doce , N\u00ba 15 , Oficina N\u00ba 5<\/p>\n<p><strong><a href=\"http:\/\/www.asociaciongeografica.com\/calendario.htm\" rel=\"external nofollow\">Web de Asociaci\u00f3n Geogr\u00e1fica<\/a><\/strong><\/p>\n<!-- AddThis Advanced Settings generic via filter on the_content --><!-- AddThis Share Buttons generic via filter on the_content -->","protected":false},"excerpt":{"rendered":"<p>&nbsp; Si te gustan las actividades en la monta\u00f1a, la Asociaci\u00f3n Geogr\u00e1fica organiza el fin de semana del 9 y 10 de marzo su primera salida por la Sierra de Gredos. Si estas interesado en la ruta, ya sea para informarte o para inscribirte, puedes hacerlo en la oficina de Geogr\u00e1fica de lunes a viernes,\u00a0 [&hellip;]<!-- AddThis Advanced Settings generic via filter on get_the_excerpt --><!-- AddThis Share Buttons generic via filter on get_the_excerpt --><\/p>\n","protected":false},"author":27,"featured_media":0,"comment_status":"open","ping_status":"closed","sticky":false,"template":"","format":"standard","meta":[],"categories":[4],"tags":[12,836,845,917,978,1035],"_links":{"self":[{"href":"https:\/\/blogs.hoy.es\/senderosextremadura\/wp-json\/wp\/v2\/posts\/1316"}],"collection":[{"href":"https:\/\/blogs.hoy.es\/senderosextremadura\/wp-json\/wp\/v2\/posts"}],"about":[{"href":"https:\/\/blogs.hoy.es\/senderosextremadura\/wp-json\/wp\/v2\/types\/post"}],"author":[{"embeddable":true,"href":"https:\/\/blogs.hoy.es\/senderosextremadura\/wp-json\/wp\/v2\/users\/27"}],"replies":[{"embeddable":true,"href":"https:\/\/blogs.hoy.es\/senderosextremadura\/wp-json\/wp\/v2\/comments?post=1316"}],"version-history":[{"count":0,"href":"https:\/\/blogs.hoy.es\/senderosextremadura\/wp-json\/wp\/v2\/posts\/1316\/revisions"}],"wp:attachment":[{"href":"https:\/\/blogs.hoy.es\/senderosextremadura\/wp-json\/wp\/v2\/media?parent=1316"}],"wp:term":[{"taxonomy":"category","embeddable":true,"href":"https:\/\/blogs.hoy.es\/senderosextremadura\/wp-json\/wp\/v2\/categories?post=1316"},{"taxonomy":"post_tag","embeddable":true,"href":"https:\/\/blogs.hoy.es\/senderosextremadura\/wp-json\/wp\/v2\/tags?post=1316"}],"curies":[{"name":"wp","href":"https:\/\/api.w.org\/{rel}","templated":true}]}}