{"id":1319,"date":"2013-02-27T11:08:40","date_gmt":"2013-02-27T11:08:40","guid":{"rendered":"http:\/\/blogs.hoy.es\/senderosextremadura\/?p=1319"},"modified":"2013-02-27T11:08:40","modified_gmt":"2013-02-27T11:08:40","slug":"49-senderistas-disfrutaron-de-un-bello-itinerario-por-monfrague","status":"publish","type":"post","link":"https:\/\/blogs.hoy.es\/senderosextremadura\/2013\/02\/27\/49-senderistas-disfrutaron-de-un-bello-itinerario-por-monfrague\/","title":{"rendered":"49 senderistas disfrutaron de un bello itinerario por Monfrag\u00fce"},"content":{"rendered":"<p><a href=\"https:\/\/blogs.hoy.es\/senderosextremadura\/2013\/02\/27\/49-senderistas-disfrutaron-de-un-bello-itinerario-por-monfrague\/monfra20\/\" rel=\"attachment wp-att-1321\"><img loading=\"lazy\" class=\"aligncenter size-large wp-image-1321\" src=\"\/senderosextremadura\/wp-content\/uploads\/sites\/22\/2013\/02\/monfra20.jpg\" alt=\"\" width=\"600\" height=\"417\" srcset=\"https:\/\/static-blogs.hoy.es\/wp-content\/uploads\/sites\/22\/2013\/02\/monfra20.jpg 1300w, https:\/\/static-blogs.hoy.es\/wp-content\/uploads\/sites\/22\/2013\/02\/monfra20-300x209.jpg 300w, https:\/\/static-blogs.hoy.es\/wp-content\/uploads\/sites\/22\/2013\/02\/monfra20-768x534.jpg 768w, https:\/\/static-blogs.hoy.es\/wp-content\/uploads\/sites\/22\/2013\/02\/monfra20-600x417.jpg 600w\" sizes=\"(max-width: 600px) 100vw, 600px\" \/><\/a><\/p>\n<p><span style=\"font-size: medium;\">49 participantes se dieron cita el pasado domingo en un bello itinerario por el coraz\u00f3n del <strong>Parque Nacional de Monfrag\u00fce<\/strong>. En un soleado y frio d\u00eda de invierno, los caminantes de <strong>Asociaci\u00f3n Geogr\u00e1fica<\/strong> disfrutaron de las vistas espectaculares que pueden observarse tanto desde el Castillo como desde el Cerro Gimio. Buitres Negros, Buitres Leonados, Ciervos y otra gran variedad de especies nos acompa\u00f1aron durante nuestro recorrido. Itinerario que no defraud\u00f3 a ninguno de los asistentes.<\/span><\/p>\n<p><span style=\"font-size: medium;\">Si quieres tener informaci\u00f3n de todas las rutas de Geogr\u00e1fica puedes llamar a sus oficinas de lunes a viernes,\u00a0 de 10 a 13:30 horas y de 17 a 20 horas. El tel\u00e9fono es 924 278 561 .<\/span><\/p>\n<p><span style=\"font-size: medium;\">Centro de Negocios Nevero. Calle Nevero Doce , N\u00ba 15 , Oficina N\u00ba 5<\/span><\/p>\n<p>&nbsp;<\/p>\n<p><strong><a href=\"http:\/\/www.asociaciongeografica.com\/calendario.htm\" rel=\"external nofollow\">Web de Asociaci\u00f3n Geogr\u00e1fica<\/a><\/strong><\/p>\n<h2><a title=\"Salida a Gredos con Geogr\u00e1fica (9 y 10 de marzo)\" href=\"https:\/\/blogs.hoy.es\/senderosextremadura\/2013\/02\/27\/salida-a-gredos-con-geografica-9-y-10-de-marzo\/\" rel=\"bookmark\">Salida a Gredos con Geogr\u00e1fica (9 y 10 de marzo)<\/a><\/h2>\n<!-- AddThis Advanced Settings generic via filter on the_content --><!-- AddThis Share Buttons generic via filter on the_content -->","protected":false},"excerpt":{"rendered":"<p>49 participantes se dieron cita el pasado domingo en un bello itinerario por el coraz\u00f3n del Parque Nacional de Monfrag\u00fce. En un soleado y frio d\u00eda de invierno, los caminantes de Asociaci\u00f3n Geogr\u00e1fica disfrutaron de las vistas espectaculares que pueden observarse tanto desde el Castillo como desde el Cerro Gimio. Buitres Negros, Buitres Leonados, Ciervos [&hellip;]<!-- AddThis Advanced Settings generic via filter on get_the_excerpt --><!-- AddThis Share Buttons generic via filter on get_the_excerpt --><\/p>\n","protected":false},"author":27,"featured_media":0,"comment_status":"open","ping_status":"closed","sticky":false,"template":"","format":"standard","meta":[],"categories":[3,4],"tags":[515,821,836,917,930,942,1035],"_links":{"self":[{"href":"https:\/\/blogs.hoy.es\/senderosextremadura\/wp-json\/wp\/v2\/posts\/1319"}],"collection":[{"href":"https:\/\/blogs.hoy.es\/senderosextremadura\/wp-json\/wp\/v2\/posts"}],"about":[{"href":"https:\/\/blogs.hoy.es\/senderosextremadura\/wp-json\/wp\/v2\/types\/post"}],"author":[{"embeddable":true,"href":"https:\/\/blogs.hoy.es\/senderosextremadura\/wp-json\/wp\/v2\/users\/27"}],"replies":[{"embeddable":true,"href":"https:\/\/blogs.hoy.es\/senderosextremadura\/wp-json\/wp\/v2\/comments?post=1319"}],"version-history":[{"count":0,"href":"https:\/\/blogs.hoy.es\/senderosextremadura\/wp-json\/wp\/v2\/posts\/1319\/revisions"}],"wp:attachment":[{"href":"https:\/\/blogs.hoy.es\/senderosextremadura\/wp-json\/wp\/v2\/media?parent=1319"}],"wp:term":[{"taxonomy":"category","embeddable":true,"href":"https:\/\/blogs.hoy.es\/senderosextremadura\/wp-json\/wp\/v2\/categories?post=1319"},{"taxonomy":"post_tag","embeddable":true,"href":"https:\/\/blogs.hoy.es\/senderosextremadura\/wp-json\/wp\/v2\/tags?post=1319"}],"curies":[{"name":"wp","href":"https:\/\/api.w.org\/{rel}","templated":true}]}}