{"id":1322,"date":"2013-02-27T19:10:26","date_gmt":"2013-02-27T19:10:26","guid":{"rendered":"http:\/\/blogs.hoy.es\/senderosextremadura\/?p=1322"},"modified":"2013-02-27T19:10:26","modified_gmt":"2013-02-27T19:10:26","slug":"senderistas-de-guarena-visitaron-el-cerro-del-hierro-galeria","status":"publish","type":"post","link":"https:\/\/blogs.hoy.es\/senderosextremadura\/2013\/02\/27\/senderistas-de-guarena-visitaron-el-cerro-del-hierro-galeria\/","title":{"rendered":"Senderistas de Guare\u00f1a visitaron el Cerro del Hierro (Galer\u00eda)"},"content":{"rendered":"<p><span style=\"font-size: medium;\"><a href=\"https:\/\/blogs.hoy.es\/senderosextremadura\/2013\/02\/27\/senderistas-de-guarena-visitaron-el-cerro-del-hierro-galeria\/sierra-hierro\/\" rel=\"attachment wp-att-1324\"><img loading=\"lazy\" class=\"aligncenter size-large wp-image-1324\" title=\"Saltos de agua en el nacimiento del r\u00edo Hu\u00e9znar:: VALDEARENALES\" src=\"\/senderosextremadura\/wp-content\/uploads\/sites\/22\/2013\/02\/sierra-hierro.jpg\" alt=\"\" width=\"600\" height=\"450\" srcset=\"https:\/\/static-blogs.hoy.es\/wp-content\/uploads\/sites\/22\/2013\/02\/sierra-hierro.jpg 760w, https:\/\/static-blogs.hoy.es\/wp-content\/uploads\/sites\/22\/2013\/02\/sierra-hierro-300x225.jpg 300w, https:\/\/static-blogs.hoy.es\/wp-content\/uploads\/sites\/22\/2013\/02\/sierra-hierro-600x450.jpg 600w\" sizes=\"(max-width: 600px) 100vw, 600px\" \/><\/a><\/span><\/p>\n<p><span style=\"font-size: medium;\">El pasado domingo, senderistas del grupo <\/span><a href=\"http:\/\/clubdesendederismovaldearenales.blogspot.com.es\/2013\/02\/ruta-del-cerro-del-hiero.html?spref=fb\" rel=\"external nofollow\"><strong><span style=\"font-size: medium;\">Valdearenales de Guare\u00f1a<\/span><\/strong><\/a><span style=\"font-size: medium;\"> se desplazaron hasta\u00a0 la sierra norte de Sevilla, concretamente al <a href=\"http:\/\/www.hoy.es\/multimedia\/fotos\/ultimos\/115920-ruta-cerro-hierro-senderismo-valdearenales-0.html\" rel=\"external nofollow\"><strong>Cerro del Hierro<\/strong><\/a>. Un bello paraje trufado de grutas de una antigua mina. Unos paisajes preciosos, m\u00e1s sorprendentes si cabe cuando el caminante se adentra en sus caminos. Como colof\u00f3n, los senderistas pacenses visitaron San Nicol\u00e1s del Puerto, donde comieron y pudieron disfrutar del nacimiento del\u00a0r\u00edo\u00a0Hu\u00e9znar,\u00a0 con espectaculares saltos de agua.<\/span><\/p>\n<p><a href=\"http:\/\/www.hoy.es\/multimedia\/fotos\/ultimos\/115920-ruta-cerro-hierro-senderismo-valdearenales-0.html\" rel=\"external nofollow\"><strong>GALER\u00cdA<\/strong><\/a>. En este enlace pod\u00e9is ver las fotos de la ruta.<\/p>\n<p>&nbsp;<\/p>\n<!-- AddThis Advanced Settings generic via filter on the_content --><!-- AddThis Share Buttons generic via filter on the_content -->","protected":false},"excerpt":{"rendered":"<p>El pasado domingo, senderistas del grupo Valdearenales de Guare\u00f1a se desplazaron hasta\u00a0 la sierra norte de Sevilla, concretamente al Cerro del Hierro. Un bello paraje trufado de grutas de una antigua mina. Unos paisajes preciosos, m\u00e1s sorprendentes si cabe cuando el caminante se adentra en sus caminos. Como colof\u00f3n, los senderistas pacenses visitaron San Nicol\u00e1s [&hellip;]<!-- AddThis Advanced Settings generic via filter on get_the_excerpt --><!-- AddThis Share Buttons generic via filter on get_the_excerpt --><\/p>\n","protected":false},"author":27,"featured_media":0,"comment_status":"open","ping_status":"closed","sticky":false,"template":"","format":"standard","meta":[],"categories":[4],"tags":[201,836,917,950,957,1035],"_links":{"self":[{"href":"https:\/\/blogs.hoy.es\/senderosextremadura\/wp-json\/wp\/v2\/posts\/1322"}],"collection":[{"href":"https:\/\/blogs.hoy.es\/senderosextremadura\/wp-json\/wp\/v2\/posts"}],"about":[{"href":"https:\/\/blogs.hoy.es\/senderosextremadura\/wp-json\/wp\/v2\/types\/post"}],"author":[{"embeddable":true,"href":"https:\/\/blogs.hoy.es\/senderosextremadura\/wp-json\/wp\/v2\/users\/27"}],"replies":[{"embeddable":true,"href":"https:\/\/blogs.hoy.es\/senderosextremadura\/wp-json\/wp\/v2\/comments?post=1322"}],"version-history":[{"count":0,"href":"https:\/\/blogs.hoy.es\/senderosextremadura\/wp-json\/wp\/v2\/posts\/1322\/revisions"}],"wp:attachment":[{"href":"https:\/\/blogs.hoy.es\/senderosextremadura\/wp-json\/wp\/v2\/media?parent=1322"}],"wp:term":[{"taxonomy":"category","embeddable":true,"href":"https:\/\/blogs.hoy.es\/senderosextremadura\/wp-json\/wp\/v2\/categories?post=1322"},{"taxonomy":"post_tag","embeddable":true,"href":"https:\/\/blogs.hoy.es\/senderosextremadura\/wp-json\/wp\/v2\/tags?post=1322"}],"curies":[{"name":"wp","href":"https:\/\/api.w.org\/{rel}","templated":true}]}}