{"id":1325,"date":"2013-03-19T12:42:46","date_gmt":"2013-03-19T12:42:46","guid":{"rendered":"http:\/\/blogs.hoy.es\/senderosextremadura\/?p=1325"},"modified":"2013-03-19T12:42:46","modified_gmt":"2013-03-19T12:42:46","slug":"iii-subida-a-la-sierra-de-alor-24-de-marzo","status":"publish","type":"post","link":"https:\/\/blogs.hoy.es\/senderosextremadura\/2013\/03\/19\/iii-subida-a-la-sierra-de-alor-24-de-marzo\/","title":{"rendered":"III Subida a la Sierra de Alor (24 de marzo)"},"content":{"rendered":"<p><a href=\"https:\/\/blogs.hoy.es\/senderosextremadura\/2013\/03\/19\/iii-subida-a-la-sierra-de-alor-24-de-marzo\/sierra-alor\/\" rel=\"attachment wp-att-1326\"><img loading=\"lazy\" class=\"alignright  wp-image-1326\" title=\"Cartel de la ruta\" src=\"\/senderosextremadura\/wp-content\/uploads\/sites\/22\/2013\/03\/sierra-alor.jpg\" alt=\"Cartel de la ruta\" width=\"285\" height=\"401\" \/><\/a><strong><a id=\"js_9\" href=\"http:\/\/www.vilaraiders.es\/\" data-hovercard=\"\/ajax\/hovercard\/user.php?id=100001921254309&#038;extragetparams=%7B%22group_id%22%3A0%7D\" rel=\"external nofollow\">Vila Raiders Olivenza<\/a><\/strong> organiza la III Subida a la <strong>Sierra de Alor<\/strong> para el pr\u00f3ximo domingo 24 de marzo. Las inscripciones est\u00e1n abiertas. Por tercer a\u00f1o consecutivo el club organiza esta ruta, en colaboraci\u00f3n con el Ayuntamiento de Olivenza,\u00a0 la <strong><a href=\"http:\/\/www.fexme.com\/portal\/Inicio\/tabid\/36\/Default.aspx\" rel=\"external nofollow\">FEXME<\/a><\/strong> y la D.G. de Deportes. De nuevo este a\u00f1o enmarcada dentro del <a href=\"https:\/\/blogs.hoy.es\/senderosextremadura\/2013\/01\/14\/el-circuito-extremeno-de-rutas-senderistas-de-2013-incluye-14-pruebas\/\"><strong>Circuito Extreme\u00f1o de Rutas Senderistas<\/strong><\/a>, la ruta tendr\u00e1 como salida y llegada la localidad de Olivenza.<\/p>\n<p>Como novedad, este a\u00f1o unen deporte, historia y convivencia. Han realizado variaciones en el recorrido, aunque se seguir\u00e1 subiendo a la cima para disfrutar de las maravillosas vistas desde los dos miradores.<\/p>\n<p><!--more-->Tras finalizar la ruta tendr\u00e1 lugar una comida de convivencia para todos los participantes y despu\u00e9s quien lo desee podr\u00e1 conocer Olivenza con una visita guiada.<\/p>\n<p>La ruta tendr\u00e1 una distancia de <strong>20 kil\u00f3metros<\/strong>, y partir\u00e1 de la Plaza de Espa\u00f1a a las 9:30h. El recorrido transcurrir\u00e1 por la dehesa hasta la la Atalaya de San Jorge, atravesaremos en el km 8 la localidad de San Jorge en donde se situar\u00e1 un avituallamiento y desde donde comenzaremos la subida a la Sierra de Alor. Esta vez iniciaremos la subida por la parte m\u00e1s cercana de la pedan\u00eda hasta alcanzar sus miradores para que todos los participantes puedan contemplar las maravillosas vistas, y tras un peque\u00f1o descanso se iniciar\u00e1 el descenso en busca de la deseada paella.<\/p>\n<p>El plazo de inscripci\u00f3n est\u00e1 abierto y tendr\u00e1 un coste 7 euros y podr\u00e1 realizarse hasta el jueves 21 de marzo a trav\u00e9s de Vila Raiders por riguroso orden de pago enviando un correo a info@vilaraiders.es o en la GMD, y realizando el pago en nuestro n\u00famero de cuenta. El justificante del ingreso y los datos de los participantes(nombre completo, fecha de nacimiento, tel\u00e9fono o mail de contacto, talla de camiseta y resto datos) se deber\u00e1n hacer llegar por mail a nuestra cuenta de correo: <a href=\"info@vilaraiders.es\"><strong>info@vilaraiders.es<\/strong><\/a><\/p>\n<p>El ingreso debe de ser individual y en el concepto debe reflejar: nombre y apellido del participante, aqu\u00ed os dejamos disponible el <a href=\"http:\/\/www.vilaraiders.es\/archivos\/2013\/ruta%20alor\/Inscripciones_Alor_2013.xls\" target=\"_blank\" rel=\"external nofollow\">formulario de inscripci\u00f3n.<\/a><\/p>\n<p>N\u00ba de cuenta en Caja Rural de Extremadura donde debe realizarse el ingreso: 3009-0011-14-2286282112<\/p>\n<p><a href=\"http:\/\/www.vilaraiders.es\/archivos\/2013\/ruta%20alor\/ficha%20tecnica.jpg\" target=\"_blank\" rel=\"external nofollow\">Ficha T\u00e9cnica<\/a><\/p>\n<p>M\u00e1s informaci\u00f3n en <strong><a href=\"http:\/\/www.vilaraiders.es\/\" rel=\"external nofollow\">www.vilaraiders.es<\/a><\/strong><\/p>\n<p>Fuente: Fexme<\/p>\n<!-- AddThis Advanced Settings generic via filter on the_content --><!-- AddThis Share Buttons generic via filter on the_content -->","protected":false},"excerpt":{"rendered":"<p>Vila Raiders Olivenza organiza la III Subida a la Sierra de Alor para el pr\u00f3ximo domingo 24 de marzo. Las inscripciones est\u00e1n abiertas. Por tercer a\u00f1o consecutivo el club organiza esta ruta, en colaboraci\u00f3n con el Ayuntamiento de Olivenza,\u00a0 la FEXME y la D.G. de Deportes. De nuevo este a\u00f1o enmarcada dentro del Circuito Extreme\u00f1o [&hellip;]<!-- AddThis Advanced Settings generic via filter on get_the_excerpt --><!-- AddThis Share Buttons generic via filter on get_the_excerpt --><\/p>\n","protected":false},"author":27,"featured_media":0,"comment_status":"open","ping_status":"closed","sticky":false,"template":"","format":"standard","meta":[],"categories":[4],"tags":[836,910,917,942,1002,1035,1080],"_links":{"self":[{"href":"https:\/\/blogs.hoy.es\/senderosextremadura\/wp-json\/wp\/v2\/posts\/1325"}],"collection":[{"href":"https:\/\/blogs.hoy.es\/senderosextremadura\/wp-json\/wp\/v2\/posts"}],"about":[{"href":"https:\/\/blogs.hoy.es\/senderosextremadura\/wp-json\/wp\/v2\/types\/post"}],"author":[{"embeddable":true,"href":"https:\/\/blogs.hoy.es\/senderosextremadura\/wp-json\/wp\/v2\/users\/27"}],"replies":[{"embeddable":true,"href":"https:\/\/blogs.hoy.es\/senderosextremadura\/wp-json\/wp\/v2\/comments?post=1325"}],"version-history":[{"count":0,"href":"https:\/\/blogs.hoy.es\/senderosextremadura\/wp-json\/wp\/v2\/posts\/1325\/revisions"}],"wp:attachment":[{"href":"https:\/\/blogs.hoy.es\/senderosextremadura\/wp-json\/wp\/v2\/media?parent=1325"}],"wp:term":[{"taxonomy":"category","embeddable":true,"href":"https:\/\/blogs.hoy.es\/senderosextremadura\/wp-json\/wp\/v2\/categories?post=1325"},{"taxonomy":"post_tag","embeddable":true,"href":"https:\/\/blogs.hoy.es\/senderosextremadura\/wp-json\/wp\/v2\/tags?post=1325"}],"curies":[{"name":"wp","href":"https:\/\/api.w.org\/{rel}","templated":true}]}}