{"id":1336,"date":"2013-03-05T08:28:05","date_gmt":"2013-03-05T08:28:05","guid":{"rendered":"http:\/\/blogs.hoy.es\/senderosextremadura\/?p=1336"},"modified":"2013-03-05T08:28:05","modified_gmt":"2013-03-05T08:28:05","slug":"gran-aceptacion-del-nordic-walking-en-villanueva","status":"publish","type":"post","link":"https:\/\/blogs.hoy.es\/senderosextremadura\/2013\/03\/05\/gran-aceptacion-del-nordic-walking-en-villanueva\/","title":{"rendered":"Gran aceptaci\u00f3n del &#039;nordic walking&#039; en Villanueva"},"content":{"rendered":"<p>La nueva modalidad deportiva que ha introducido el <strong>Servicio Municipal de Deportes de Villanueva de la Serena<\/strong>, el <strong>&#8216;nordic walking<\/strong>&#8216; o caminata n\u00f3rdica en espa\u00f1ol, y que consiste en caminar ayudado de bastones, ha tenido gran aceptaci\u00f3n. De hecho, ante la gran demanda se han tenido que crear dos grupos y adem\u00e1s existe lista de espera para practicar esta modalidad para todas las edades.\u00a0 Fuente: Fran Horrillo<\/p>\n<div id=\"attachment_1337\" style=\"width: 610px\" class=\"wp-caption aligncenter\"><a href=\"https:\/\/blogs.hoy.es\/senderosextremadura\/2013\/03\/05\/gran-aceptacion-del-nordic-walking-en-villanueva\/attachment\/9482673\/\" rel=\"attachment wp-att-1337\"><img aria-describedby=\"caption-attachment-1337\" loading=\"lazy\" class=\"size-large wp-image-1337\" title=\"J\u00f3venes de Villanueva practicando 'nordic walking'. \" src=\"\/senderosextremadura\/wp-content\/uploads\/sites\/22\/2013\/03\/9482673.jpg\" alt=\"J\u00f3venes de Villanueva practicando 'nordic walking'. \" width=\"600\" height=\"450\" srcset=\"https:\/\/static-blogs.hoy.es\/wp-content\/uploads\/sites\/22\/2013\/03\/9482673.jpg 1200w, https:\/\/static-blogs.hoy.es\/wp-content\/uploads\/sites\/22\/2013\/03\/9482673-300x225.jpg 300w, https:\/\/static-blogs.hoy.es\/wp-content\/uploads\/sites\/22\/2013\/03\/9482673-768x576.jpg 768w, https:\/\/static-blogs.hoy.es\/wp-content\/uploads\/sites\/22\/2013\/03\/9482673-600x450.jpg 600w\" sizes=\"(max-width: 600px) 100vw, 600px\" \/><\/a><p id=\"caption-attachment-1337\" class=\"wp-caption-text\">J\u00f3venes de Villanueva practicando &#39;nordic walking&#39;.<\/p><\/div>\n<!-- AddThis Advanced Settings generic via filter on the_content --><!-- AddThis Share Buttons generic via filter on the_content -->","protected":false},"excerpt":{"rendered":"<p>La nueva modalidad deportiva que ha introducido el Servicio Municipal de Deportes de Villanueva de la Serena, el &#8216;nordic walking&#8216; o caminata n\u00f3rdica en espa\u00f1ol, y que consiste en caminar ayudado de bastones, ha tenido gran aceptaci\u00f3n. De hecho, ante la gran demanda se han tenido que crear dos grupos y adem\u00e1s existe lista de [&hellip;]<!-- AddThis Advanced Settings generic via filter on get_the_excerpt --><!-- AddThis Share Buttons generic via filter on get_the_excerpt --><\/p>\n","protected":false},"author":27,"featured_media":0,"comment_status":"closed","ping_status":"closed","sticky":false,"template":"","format":"standard","meta":[],"categories":[4],"tags":[576],"_links":{"self":[{"href":"https:\/\/blogs.hoy.es\/senderosextremadura\/wp-json\/wp\/v2\/posts\/1336"}],"collection":[{"href":"https:\/\/blogs.hoy.es\/senderosextremadura\/wp-json\/wp\/v2\/posts"}],"about":[{"href":"https:\/\/blogs.hoy.es\/senderosextremadura\/wp-json\/wp\/v2\/types\/post"}],"author":[{"embeddable":true,"href":"https:\/\/blogs.hoy.es\/senderosextremadura\/wp-json\/wp\/v2\/users\/27"}],"replies":[{"embeddable":true,"href":"https:\/\/blogs.hoy.es\/senderosextremadura\/wp-json\/wp\/v2\/comments?post=1336"}],"version-history":[{"count":0,"href":"https:\/\/blogs.hoy.es\/senderosextremadura\/wp-json\/wp\/v2\/posts\/1336\/revisions"}],"wp:attachment":[{"href":"https:\/\/blogs.hoy.es\/senderosextremadura\/wp-json\/wp\/v2\/media?parent=1336"}],"wp:term":[{"taxonomy":"category","embeddable":true,"href":"https:\/\/blogs.hoy.es\/senderosextremadura\/wp-json\/wp\/v2\/categories?post=1336"},{"taxonomy":"post_tag","embeddable":true,"href":"https:\/\/blogs.hoy.es\/senderosextremadura\/wp-json\/wp\/v2\/tags?post=1336"}],"curies":[{"name":"wp","href":"https:\/\/api.w.org\/{rel}","templated":true}]}}