{"id":1339,"date":"2013-03-11T08:42:07","date_gmt":"2013-03-11T08:42:07","guid":{"rendered":"http:\/\/blogs.hoy.es\/senderosextremadura\/?p=1339"},"modified":"2013-03-11T08:42:07","modified_gmt":"2013-03-11T08:42:07","slug":"senderistas-de-salvaleon-organizan-la-ruta-bejarana-cancho-10-de-marzo","status":"publish","type":"post","link":"https:\/\/blogs.hoy.es\/senderosextremadura\/2013\/03\/11\/senderistas-de-salvaleon-organizan-la-ruta-bejarana-cancho-10-de-marzo\/","title":{"rendered":"El agua no impidi\u00f3 la ruta Bejarana-Cancho por Salvale\u00f3n (Galer\u00eda)"},"content":{"rendered":"<div id=\"attachment_1381\" style=\"width: 310px\" class=\"wp-caption aligncenter\"><a href=\"https:\/\/blogs.hoy.es\/senderosextremadura\/2013\/03\/11\/senderistas-de-salvaleon-organizan-la-ruta-bejarana-cancho-10-de-marzo\/caminos-agua\/\" rel=\"attachment wp-att-1381\"><img aria-describedby=\"caption-attachment-1381\" loading=\"lazy\" class=\"size-medium wp-image-1381\" title=\"Los caminos que rodean Salvale\u00f3n estaban llenos de agua. \/ CONRADO R. DEL COSSO\" src=\"\/senderosextremadura\/wp-content\/uploads\/sites\/22\/2013\/03\/caminos-agua.jpg\" alt=\"Los caminos que rodean Salvale\u00f3n estaban llenos de agua. \/ CONRADO R. DEL COSSO\" width=\"300\" height=\"139\" srcset=\"https:\/\/static-blogs.hoy.es\/wp-content\/uploads\/sites\/22\/2013\/03\/caminos-agua.jpg 647w, https:\/\/static-blogs.hoy.es\/wp-content\/uploads\/sites\/22\/2013\/03\/caminos-agua-300x139.jpg 300w, https:\/\/static-blogs.hoy.es\/wp-content\/uploads\/sites\/22\/2013\/03\/caminos-agua-600x278.jpg 600w\" sizes=\"(max-width: 300px) 100vw, 300px\" \/><\/a><p id=\"caption-attachment-1381\" class=\"wp-caption-text\">Los caminos que rodean Salvale\u00f3n estaban llenos de agua. \/ CONRADO R. DEL COSSO<\/p><\/div>\n<p>A pesar de la lluvia y de la abundante agua acumulada en los caminos por las \u00faltimas precipitaciones registradas en toda Extremadura, la <strong>Asociaci\u00f3n de Senderismo El Encinar de Salvale\u00f3n<\/strong> realiz\u00f3 el pasado domingo 10 de marzo la ruta &#8216;Bejarana-Cancho&#8217;. La marcha sali\u00f3 de la Plaza de Espa\u00f1a de la localidad a las diez de la ma\u00f1ana. Se recorrer\u00e1n unos 14 kil\u00f3metros de dificultad baja. No se necesita inscripci\u00f3n y no se aplazar\u00e1 por motivos meteorol\u00f3gicos. Aqu\u00ed puedes ver la galer\u00eda que hemos publicado con <a href=\"http:\/\/www.hoy.es\/multimedia\/fotos\/ultimos\/116603-ruta-bejaranalos-canchos-salvaleon-0.html\" target=\"_blank\" rel=\"external nofollow\"><strong>fotos de nuestro amigo Conrado R. del Cosso<\/strong><\/a>.<\/p>\n<!-- AddThis Advanced Settings generic via filter on the_content --><!-- AddThis Share Buttons generic via filter on the_content -->","protected":false},"excerpt":{"rendered":"<p>A pesar de la lluvia y de la abundante agua acumulada en los caminos por las \u00faltimas precipitaciones registradas en toda Extremadura, la Asociaci\u00f3n de Senderismo El Encinar de Salvale\u00f3n realiz\u00f3 el pasado domingo 10 de marzo la ruta &#8216;Bejarana-Cancho&#8217;. La marcha sali\u00f3 de la Plaza de Espa\u00f1a de la localidad a las diez de [&hellip;]<!-- AddThis Advanced Settings generic via filter on get_the_excerpt --><!-- AddThis Share Buttons generic via filter on get_the_excerpt --><\/p>\n","protected":false},"author":27,"featured_media":0,"comment_status":"closed","ping_status":"closed","sticky":false,"template":"","format":"standard","meta":[],"categories":[4],"tags":[255,817,836,906,917,944,1035],"_links":{"self":[{"href":"https:\/\/blogs.hoy.es\/senderosextremadura\/wp-json\/wp\/v2\/posts\/1339"}],"collection":[{"href":"https:\/\/blogs.hoy.es\/senderosextremadura\/wp-json\/wp\/v2\/posts"}],"about":[{"href":"https:\/\/blogs.hoy.es\/senderosextremadura\/wp-json\/wp\/v2\/types\/post"}],"author":[{"embeddable":true,"href":"https:\/\/blogs.hoy.es\/senderosextremadura\/wp-json\/wp\/v2\/users\/27"}],"replies":[{"embeddable":true,"href":"https:\/\/blogs.hoy.es\/senderosextremadura\/wp-json\/wp\/v2\/comments?post=1339"}],"version-history":[{"count":0,"href":"https:\/\/blogs.hoy.es\/senderosextremadura\/wp-json\/wp\/v2\/posts\/1339\/revisions"}],"wp:attachment":[{"href":"https:\/\/blogs.hoy.es\/senderosextremadura\/wp-json\/wp\/v2\/media?parent=1339"}],"wp:term":[{"taxonomy":"category","embeddable":true,"href":"https:\/\/blogs.hoy.es\/senderosextremadura\/wp-json\/wp\/v2\/categories?post=1339"},{"taxonomy":"post_tag","embeddable":true,"href":"https:\/\/blogs.hoy.es\/senderosextremadura\/wp-json\/wp\/v2\/tags?post=1339"}],"curies":[{"name":"wp","href":"https:\/\/api.w.org\/{rel}","templated":true}]}}