{"id":1342,"date":"2013-03-05T09:09:48","date_gmt":"2013-03-05T09:09:48","guid":{"rendered":"http:\/\/blogs.hoy.es\/senderosextremadura\/?p=1342"},"modified":"2013-03-05T09:09:48","modified_gmt":"2013-03-05T09:09:48","slug":"mil-senderistas-participaron-en-la-ruta-penas-blancas-2013","status":"publish","type":"post","link":"https:\/\/blogs.hoy.es\/senderosextremadura\/2013\/03\/05\/mil-senderistas-participaron-en-la-ruta-penas-blancas-2013\/","title":{"rendered":"Mil senderistas participaron en la Ruta Pe\u00f1as Blancas 2013 (Galer\u00eda)"},"content":{"rendered":"<div id=\"attachment_1343\" style=\"width: 610px\" class=\"wp-caption aligncenter\"><a href=\"https:\/\/blogs.hoy.es\/senderosextremadura\/2013\/03\/05\/mil-senderistas-participaron-en-la-ruta-penas-blancas-2013\/ruta-zarza\/\" rel=\"attachment wp-att-1343\"><img aria-describedby=\"caption-attachment-1343\" loading=\"lazy\" class=\"size-large wp-image-1343\" title=\"Senderistas en la marcha del pasado domingo. \/ PIL FAG\u00daNDEZ EST\u00c9VEZ\" src=\"\/senderosextremadura\/wp-content\/uploads\/sites\/22\/2013\/03\/ruta-zarza.jpg\" alt=\"Senderistas en la marcha del pasado domingo. \/ PIL FAG\u00daNDEZ EST\u00c9VEZ\" width=\"600\" height=\"375\" srcset=\"https:\/\/static-blogs.hoy.es\/wp-content\/uploads\/sites\/22\/2013\/03\/ruta-zarza.jpg 1280w, https:\/\/static-blogs.hoy.es\/wp-content\/uploads\/sites\/22\/2013\/03\/ruta-zarza-300x188.jpg 300w, https:\/\/static-blogs.hoy.es\/wp-content\/uploads\/sites\/22\/2013\/03\/ruta-zarza-768x480.jpg 768w, https:\/\/static-blogs.hoy.es\/wp-content\/uploads\/sites\/22\/2013\/03\/ruta-zarza-600x375.jpg 600w\" sizes=\"(max-width: 600px) 100vw, 600px\" \/><\/a><p id=\"caption-attachment-1343\" class=\"wp-caption-text\">Senderistas en la marcha del pasado domingo. \/ PILAR FAG\u00daNDEZ EST\u00c9VEZ<\/p><\/div>\n<p><span style=\"font-size: medium;\"><!--more--><\/span><\/p>\n<div id=\"attachment_1355\" style=\"width: 610px\" class=\"wp-caption aligncenter\"><a href=\"https:\/\/blogs.hoy.es\/senderosextremadura\/2013\/03\/05\/mil-senderistas-participaron-en-la-ruta-penas-blancas-2013\/ruta1\/\" rel=\"attachment wp-att-1355\"><img aria-describedby=\"caption-attachment-1355\" loading=\"lazy\" class=\"size-large wp-image-1355\" title=\"De nuevo destac\u00f3 la buena organizaci\u00f3n por parte de Senderismo Pe\u00f1as Blancas\" src=\"\/senderosextremadura\/wp-content\/uploads\/sites\/22\/2013\/03\/ruta1.jpg\" alt=\"\" width=\"600\" height=\"400\" srcset=\"https:\/\/static-blogs.hoy.es\/wp-content\/uploads\/sites\/22\/2013\/03\/ruta1.jpg 854w, https:\/\/static-blogs.hoy.es\/wp-content\/uploads\/sites\/22\/2013\/03\/ruta1-300x200.jpg 300w, https:\/\/static-blogs.hoy.es\/wp-content\/uploads\/sites\/22\/2013\/03\/ruta1-768x513.jpg 768w, https:\/\/static-blogs.hoy.es\/wp-content\/uploads\/sites\/22\/2013\/03\/ruta1-600x400.jpg 600w\" sizes=\"(max-width: 600px) 100vw, 600px\" \/><\/a><p id=\"caption-attachment-1355\" class=\"wp-caption-text\">De nuevo destac\u00f3 la buena organizaci\u00f3n por parte de Senderismo Pe\u00f1as Blancas<\/p><\/div>\n<p><span style=\"font-size: medium;\">1.000 caminantes participaron el pasado domingo en la ruta organizada por el <strong>Club Senderismo Pe\u00f1as Blancas.<\/strong> Una gran conviencia que un a\u00f1o m\u00e1s vuelve a llenar de senderista el municipio pacense La Zarza. Si estuviste en la marcha, env\u00eda tus fotos a <a href=\"senderismoextremadurahoy@gmail.com\"><strong>senderismoextremadurahoy@gmail<\/strong><\/a><\/span><wbr><span style=\"font-size: medium;\"><a href=\"senderismoextremadurahoy@gmail.com\"><strong>.com<\/strong><\/a>. Incluiremos todas las im\u00e1genes en una galer\u00eda. Ya hemos empezado a recibir las primeras.<\/span> <\/wbr><\/p>\n<p>&nbsp;<\/p>\n<p>&nbsp;<\/p>\n<p>&nbsp;<\/p>\n<!-- AddThis Advanced Settings generic via filter on the_content --><!-- AddThis Share Buttons generic via filter on the_content -->","protected":false},"excerpt":{"rendered":"<p><!-- AddThis Advanced Settings generic via filter on get_the_excerpt --><!-- AddThis Share Buttons generic via filter on get_the_excerpt --><\/p>\n","protected":false},"author":27,"featured_media":0,"comment_status":"open","ping_status":"closed","sticky":false,"template":"","format":"standard","meta":[],"categories":[3,4],"tags":[436,620,917,934],"_links":{"self":[{"href":"https:\/\/blogs.hoy.es\/senderosextremadura\/wp-json\/wp\/v2\/posts\/1342"}],"collection":[{"href":"https:\/\/blogs.hoy.es\/senderosextremadura\/wp-json\/wp\/v2\/posts"}],"about":[{"href":"https:\/\/blogs.hoy.es\/senderosextremadura\/wp-json\/wp\/v2\/types\/post"}],"author":[{"embeddable":true,"href":"https:\/\/blogs.hoy.es\/senderosextremadura\/wp-json\/wp\/v2\/users\/27"}],"replies":[{"embeddable":true,"href":"https:\/\/blogs.hoy.es\/senderosextremadura\/wp-json\/wp\/v2\/comments?post=1342"}],"version-history":[{"count":0,"href":"https:\/\/blogs.hoy.es\/senderosextremadura\/wp-json\/wp\/v2\/posts\/1342\/revisions"}],"wp:attachment":[{"href":"https:\/\/blogs.hoy.es\/senderosextremadura\/wp-json\/wp\/v2\/media?parent=1342"}],"wp:term":[{"taxonomy":"category","embeddable":true,"href":"https:\/\/blogs.hoy.es\/senderosextremadura\/wp-json\/wp\/v2\/categories?post=1342"},{"taxonomy":"post_tag","embeddable":true,"href":"https:\/\/blogs.hoy.es\/senderosextremadura\/wp-json\/wp\/v2\/tags?post=1342"}],"curies":[{"name":"wp","href":"https:\/\/api.w.org\/{rel}","templated":true}]}}