{"id":1349,"date":"2013-03-06T09:15:09","date_gmt":"2013-03-06T09:15:09","guid":{"rendered":"http:\/\/blogs.hoy.es\/senderosextremadura\/?p=1349"},"modified":"2013-03-06T09:15:09","modified_gmt":"2013-03-06T09:15:09","slug":"ruta-de-los-dolmenes-por-valverde-de-leganes-10-de-marzo","status":"publish","type":"post","link":"https:\/\/blogs.hoy.es\/senderosextremadura\/2013\/03\/06\/ruta-de-los-dolmenes-por-valverde-de-leganes-10-de-marzo\/","title":{"rendered":"Ruta de los d\u00f3lmenes por Valverde de Legan\u00e9s (10 de marzo)"},"content":{"rendered":"<div>\n<p><a href=\"https:\/\/blogs.hoy.es\/senderosextremadura\/2013\/03\/06\/ruta-de-los-dolmenes-por-valverde-de-leganes-10-de-marzo\/dolmen4\/\" rel=\"attachment wp-att-1351\"><img loading=\"lazy\" class=\"alignright size-full wp-image-1351\" title=\"Dolmen del Romo \" src=\"\/senderosextremadura\/wp-content\/uploads\/sites\/22\/2013\/03\/dolmen4.jpg\" alt=\"\" width=\"300\" height=\"200\" \/><\/a>El pr\u00f3ximo domingo d\u00eda 10 de marzo se realizar\u00e1, si el tiempo lo permite, una\u00a0 ruta senderista en <a href=\"http:\/\/www.hoyvalverdedeleganes.es\/\" target=\"_blank\" rel=\"external nofollow\"><strong>Valverde de Legan\u00e9s<\/strong><\/a>. \u00c9sta tendr\u00e1 como fin disfrutar de los diferentes parajes naturales que existen en la ruta de los d\u00f3lmenes, visualizando las construcciones megal\u00edticas que rodean la localidad pacense.<\/p>\n<p>La actividad est\u00e1 organizada por Manolo Tanco, como ya hiciera con las pasadas rutas realizadas, la de la <strong>Jara en Flor<\/strong> en mayo del pasado a\u00f1o, y la <strong>Ca\u00f1ada Real &#8220;Sancha Brava<\/strong>&#8220;, en el pasado mes de noviembre.<\/p>\n<p>El precio por persona para la actividad ser\u00e1 de dos euros. Y la salida se realizar\u00e1 desde el Llano del Lagar a las 08,30 horas. La distancia que se recorrer\u00e1 aproximadamente ser\u00e1 de 15 kil\u00f3metros.<\/p>\n<p>Todos aquellos que est\u00e9n interesados o quieran recibir m\u00e1s informaci\u00f3n pueden ponerse en contacto con el organizador\u00a0 en el n\u00famero de tel\u00e9fono 635 400 062.<\/p>\n<p>&nbsp;<\/p>\n<p>Fuente: <a href=\"http:\/\/www.hoyvalverdedeleganes.es\/actualidad\/2013-03-06\/domingo-realizara-ruta-dolmenes-0102.html\" target=\"_blank\" rel=\"external nofollow\"><strong>HOY Valverde de Legan\u00e9s<\/strong><\/a><\/p>\n<\/div>\n<!-- AddThis Advanced Settings generic via filter on the_content --><!-- AddThis Share Buttons generic via filter on the_content -->","protected":false},"excerpt":{"rendered":"<p>El pr\u00f3ximo domingo d\u00eda 10 de marzo se realizar\u00e1, si el tiempo lo permite, una\u00a0 ruta senderista en Valverde de Legan\u00e9s. \u00c9sta tendr\u00e1 como fin disfrutar de los diferentes parajes naturales que existen en la ruta de los d\u00f3lmenes, visualizando las construcciones megal\u00edticas que rodean la localidad pacense. La actividad est\u00e1 organizada por Manolo Tanco, [&hellip;]<!-- AddThis Advanced Settings generic via filter on get_the_excerpt --><!-- AddThis Share Buttons generic via filter on get_the_excerpt --><\/p>\n","protected":false},"author":27,"featured_media":0,"comment_status":"open","ping_status":"closed","sticky":false,"template":"","format":"standard","meta":[],"categories":[4],"tags":[733,836,910,917,942,1035,1067],"_links":{"self":[{"href":"https:\/\/blogs.hoy.es\/senderosextremadura\/wp-json\/wp\/v2\/posts\/1349"}],"collection":[{"href":"https:\/\/blogs.hoy.es\/senderosextremadura\/wp-json\/wp\/v2\/posts"}],"about":[{"href":"https:\/\/blogs.hoy.es\/senderosextremadura\/wp-json\/wp\/v2\/types\/post"}],"author":[{"embeddable":true,"href":"https:\/\/blogs.hoy.es\/senderosextremadura\/wp-json\/wp\/v2\/users\/27"}],"replies":[{"embeddable":true,"href":"https:\/\/blogs.hoy.es\/senderosextremadura\/wp-json\/wp\/v2\/comments?post=1349"}],"version-history":[{"count":0,"href":"https:\/\/blogs.hoy.es\/senderosextremadura\/wp-json\/wp\/v2\/posts\/1349\/revisions"}],"wp:attachment":[{"href":"https:\/\/blogs.hoy.es\/senderosextremadura\/wp-json\/wp\/v2\/media?parent=1349"}],"wp:term":[{"taxonomy":"category","embeddable":true,"href":"https:\/\/blogs.hoy.es\/senderosextremadura\/wp-json\/wp\/v2\/categories?post=1349"},{"taxonomy":"post_tag","embeddable":true,"href":"https:\/\/blogs.hoy.es\/senderosextremadura\/wp-json\/wp\/v2\/tags?post=1349"}],"curies":[{"name":"wp","href":"https:\/\/api.w.org\/{rel}","templated":true}]}}