{"id":1352,"date":"2013-03-06T12:24:29","date_gmt":"2013-03-06T12:24:29","guid":{"rendered":"http:\/\/blogs.hoy.es\/senderosextremadura\/?p=1352"},"modified":"2013-03-06T12:24:29","modified_gmt":"2013-03-06T12:24:29","slug":"el-bordon-continua-el-recorrido-por-la-via-de-la-plata-10-de-marzo","status":"publish","type":"post","link":"https:\/\/blogs.hoy.es\/senderosextremadura\/2013\/03\/06\/el-bordon-continua-el-recorrido-por-la-via-de-la-plata-10-de-marzo\/","title":{"rendered":"El Bord\u00f3n contin\u00faa el recorrido por la V\u00eda de la Plata (10 de marzo)"},"content":{"rendered":"<p>El pr\u00f3ximo domingo 10 la <strong>asociaci\u00f3n deportiva El Bord\u00f3n<\/strong> realizar\u00e1 una nueva ruta. En esta ocasi\u00f3n los senderistas se desplazar\u00e1n hasta la localidad de Valdelacasa para iniciar la etapa 14 de la V\u00eda de la Plata. El recorrido de casi 25 kil\u00f3metros culminar\u00e1 en un punto de carretera en el Puerto Due\u00f1as.<!--more--><\/p>\n<p>La salida es a las 7.30 horas desde la puerta del Parque de los Pinos y el regreso a primera hora de la tarde. La ruta ir\u00e1n por senderos rodeados de robles, un tramo de asfalto y una amplia vereda con suave piso. El paisaje, salpicado de encinas tambi\u00e9n entre el pasto mostrar\u00e1 los espacios de cr\u00eda de vacuno. Despu\u00e9s de esta marcha, la asociaci\u00f3n solo estar\u00e1 a dos etapas de llegar a Salamanca.<\/p>\n<!-- AddThis Advanced Settings generic via filter on the_content --><!-- AddThis Share Buttons generic via filter on the_content -->","protected":false},"excerpt":{"rendered":"<p>El pr\u00f3ximo domingo 10 la asociaci\u00f3n deportiva El Bord\u00f3n realizar\u00e1 una nueva ruta. En esta ocasi\u00f3n los senderistas se desplazar\u00e1n hasta la localidad de Valdelacasa para iniciar la etapa 14 de la V\u00eda de la Plata. El recorrido de casi 25 kil\u00f3metros culminar\u00e1 en un punto de carretera en el Puerto Due\u00f1as.<!-- AddThis Advanced Settings generic via filter on get_the_excerpt --><!-- AddThis Share Buttons generic via filter on get_the_excerpt --><\/p>\n","protected":false},"author":27,"featured_media":0,"comment_status":"open","ping_status":"closed","sticky":false,"template":"","format":"standard","meta":[],"categories":[4],"tags":[],"_links":{"self":[{"href":"https:\/\/blogs.hoy.es\/senderosextremadura\/wp-json\/wp\/v2\/posts\/1352"}],"collection":[{"href":"https:\/\/blogs.hoy.es\/senderosextremadura\/wp-json\/wp\/v2\/posts"}],"about":[{"href":"https:\/\/blogs.hoy.es\/senderosextremadura\/wp-json\/wp\/v2\/types\/post"}],"author":[{"embeddable":true,"href":"https:\/\/blogs.hoy.es\/senderosextremadura\/wp-json\/wp\/v2\/users\/27"}],"replies":[{"embeddable":true,"href":"https:\/\/blogs.hoy.es\/senderosextremadura\/wp-json\/wp\/v2\/comments?post=1352"}],"version-history":[{"count":0,"href":"https:\/\/blogs.hoy.es\/senderosextremadura\/wp-json\/wp\/v2\/posts\/1352\/revisions"}],"wp:attachment":[{"href":"https:\/\/blogs.hoy.es\/senderosextremadura\/wp-json\/wp\/v2\/media?parent=1352"}],"wp:term":[{"taxonomy":"category","embeddable":true,"href":"https:\/\/blogs.hoy.es\/senderosextremadura\/wp-json\/wp\/v2\/categories?post=1352"},{"taxonomy":"post_tag","embeddable":true,"href":"https:\/\/blogs.hoy.es\/senderosextremadura\/wp-json\/wp\/v2\/tags?post=1352"}],"curies":[{"name":"wp","href":"https:\/\/api.w.org\/{rel}","templated":true}]}}