{"id":1356,"date":"2013-03-07T09:46:44","date_gmt":"2013-03-07T09:46:44","guid":{"rendered":"http:\/\/blogs.hoy.es\/senderosextremadura\/?p=1356"},"modified":"2013-03-07T09:46:44","modified_gmt":"2013-03-07T09:46:44","slug":"14-kilometros-por-la-sierra-de-guijo-10-de-marzo","status":"publish","type":"post","link":"https:\/\/blogs.hoy.es\/senderosextremadura\/2013\/03\/07\/14-kilometros-por-la-sierra-de-guijo-10-de-marzo\/","title":{"rendered":"14 kil\u00f3metros por la Sierra de Guijo (10 de marzo)"},"content":{"rendered":"<div id=\"attachment_1357\" style=\"width: 525px\" class=\"wp-caption aligncenter\"><a href=\"https:\/\/blogs.hoy.es\/senderosextremadura\/2013\/03\/07\/14-kilometros-por-la-sierra-de-guijo-10-de-marzo\/sierra1\/\" rel=\"attachment wp-att-1357\"><img aria-describedby=\"caption-attachment-1357\" loading=\"lazy\" class=\" wp-image-1357\" title=\"Sierra de Guijo\" src=\"\/senderosextremadura\/wp-content\/uploads\/sites\/22\/2013\/03\/sierra1.jpg\" alt=\"Sierra de Guijo\" width=\"515\" height=\"385\" srcset=\"https:\/\/static-blogs.hoy.es\/wp-content\/uploads\/sites\/22\/2013\/03\/sierra1.jpg 1600w, https:\/\/static-blogs.hoy.es\/wp-content\/uploads\/sites\/22\/2013\/03\/sierra1-300x225.jpg 300w, https:\/\/static-blogs.hoy.es\/wp-content\/uploads\/sites\/22\/2013\/03\/sierra1-768x576.jpg 768w, https:\/\/static-blogs.hoy.es\/wp-content\/uploads\/sites\/22\/2013\/03\/sierra1-600x450.jpg 600w\" sizes=\"(max-width: 515px) 100vw, 515px\" \/><\/a><p id=\"caption-attachment-1357\" class=\"wp-caption-text\">Sierra de Guijo<\/p><\/div>\n<p>La Secci\u00f3n de Monta\u00f1a del C.P. Losare\u00f1o organiza una nueva ruta. En esta ocasi\u00f3n la marcha partir\u00e1 de Guijo de Santa B\u00e1rbara, hasta las Quebradas y regreso. Los interesados deben estar a las ocho de la ma\u00f1ana del domingo en la plaza de la Vi\u00f1uela y llevar coche propio para desplazarse hasta el punto de inicio. Tiene 14 kil\u00f3metros de recorrido, calificados de dificultad alta.<\/p>\n<p>&nbsp;<\/p>\n<p>Fuente: &#8211; E. G. R.<\/p>\n<p>&nbsp;<\/p>\n<!-- AddThis Advanced Settings generic via filter on the_content --><!-- AddThis Share Buttons generic via filter on the_content -->","protected":false},"excerpt":{"rendered":"<p>La Secci\u00f3n de Monta\u00f1a del C.P. Losare\u00f1o organiza una nueva ruta. En esta ocasi\u00f3n la marcha partir\u00e1 de Guijo de Santa B\u00e1rbara, hasta las Quebradas y regreso. Los interesados deben estar a las ocho de la ma\u00f1ana del domingo en la plaza de la Vi\u00f1uela y llevar coche propio para desplazarse hasta el punto de [&hellip;]<!-- AddThis Advanced Settings generic via filter on get_the_excerpt --><!-- AddThis Share Buttons generic via filter on get_the_excerpt --><\/p>\n","protected":false},"author":3,"featured_media":0,"comment_status":"open","ping_status":"closed","sticky":false,"template":"","format":"standard","meta":[],"categories":[4],"tags":[461,657,836,979],"_links":{"self":[{"href":"https:\/\/blogs.hoy.es\/senderosextremadura\/wp-json\/wp\/v2\/posts\/1356"}],"collection":[{"href":"https:\/\/blogs.hoy.es\/senderosextremadura\/wp-json\/wp\/v2\/posts"}],"about":[{"href":"https:\/\/blogs.hoy.es\/senderosextremadura\/wp-json\/wp\/v2\/types\/post"}],"author":[{"embeddable":true,"href":"https:\/\/blogs.hoy.es\/senderosextremadura\/wp-json\/wp\/v2\/users\/3"}],"replies":[{"embeddable":true,"href":"https:\/\/blogs.hoy.es\/senderosextremadura\/wp-json\/wp\/v2\/comments?post=1356"}],"version-history":[{"count":0,"href":"https:\/\/blogs.hoy.es\/senderosextremadura\/wp-json\/wp\/v2\/posts\/1356\/revisions"}],"wp:attachment":[{"href":"https:\/\/blogs.hoy.es\/senderosextremadura\/wp-json\/wp\/v2\/media?parent=1356"}],"wp:term":[{"taxonomy":"category","embeddable":true,"href":"https:\/\/blogs.hoy.es\/senderosextremadura\/wp-json\/wp\/v2\/categories?post=1356"},{"taxonomy":"post_tag","embeddable":true,"href":"https:\/\/blogs.hoy.es\/senderosextremadura\/wp-json\/wp\/v2\/tags?post=1356"}],"curies":[{"name":"wp","href":"https:\/\/api.w.org\/{rel}","templated":true}]}}