{"id":1359,"date":"2013-03-07T12:34:58","date_gmt":"2013-03-07T12:34:58","guid":{"rendered":"http:\/\/blogs.hoy.es\/senderosextremadura\/?p=1359"},"modified":"2013-03-07T12:34:58","modified_gmt":"2013-03-07T12:34:58","slug":"7-rutas-para-este-fin-de-semana-9-y-10-de-marzo","status":"publish","type":"post","link":"https:\/\/blogs.hoy.es\/senderosextremadura\/2013\/03\/07\/7-rutas-para-este-fin-de-semana-9-y-10-de-marzo\/","title":{"rendered":"10 rutas para el fin de semana (9 y 10 de marzo)"},"content":{"rendered":"<h3><a href=\"https:\/\/blogs.hoy.es\/senderosextremadura\/2013\/03\/07\/7-rutas-para-este-fin-de-semana-9-y-10-de-marzo\/arutas-5\/\" rel=\"attachment wp-att-1361\"><img loading=\"lazy\" class=\"aligncenter  wp-image-1361\" title=\"\" src=\"\/senderosextremadura\/wp-content\/uploads\/sites\/22\/2013\/03\/arutas-5.jpg\" alt=\"\" width=\"529\" height=\"245\" srcset=\"https:\/\/static-blogs.hoy.es\/wp-content\/uploads\/sites\/22\/2013\/03\/arutas-5.jpg 647w, https:\/\/static-blogs.hoy.es\/wp-content\/uploads\/sites\/22\/2013\/03\/arutas-5-300x139.jpg 300w, https:\/\/static-blogs.hoy.es\/wp-content\/uploads\/sites\/22\/2013\/03\/arutas-5-600x278.jpg 600w\" sizes=\"(max-width: 529px) 100vw, 529px\" \/><\/a><\/h3>\n<h3>\u00a1Hola senderistas! Se acerca el fin de semana. Si a\u00fan no ten\u00e9is plan, os\u00a0 proponemos varias rutas organizadas. <!--more--><\/h3>\n<h3><a title=\"Ruta hasta la frontera con el Club del Caminante (10 de marzo)\" href=\"https:\/\/blogs.hoy.es\/senderosextremadura\/2013\/03\/08\/ruta-hasta-la-frontera-con-el-club-del-caminante-10-de-marzo\/\" rel=\"bookmark\">Ruta hasta la frontera con el Club del Caminante (10 de marzo)<\/a><\/h3>\n<h3><a title=\"Carrera-caminata a favor de las enfermedades raras en Badajoz (10 de marzo)\" href=\"https:\/\/blogs.hoy.es\/senderosextremadura\/2013\/03\/08\/carrera-caminata-a-favor-de-las-enfermedades-raras-en-badajoz-10-de-marzo\/\" rel=\"bookmark\">Carrera-caminata a favor de las enfermedades raras en Badajoz (10 de marzo)<\/a><\/h3>\n<h3><a title=\"Ruta ornitol\u00f3gica Horno Tejero, en Cordobilla de L\u00e1cara (9 de marzo)\" href=\"https:\/\/blogs.hoy.es\/senderosextremadura\/2013\/03\/08\/ruta-ornitologica-horno-tejero-en-cordobilla-de-lacara-9-de-marzo\/\" rel=\"bookmark\">Ruta ornitol\u00f3gica Horno Tejero, en Cordobilla de L\u00e1cara (9 de marzo)<\/a><\/h3>\n<h3><a href=\"https:\/\/blogs.hoy.es\/senderosextremadura\/2013\/03\/06\/ruta-de-los-dolmenes-por-valverde-de-leganes-10-de-marzo\/\">Ruta de los d\u00f3lmenes por Valverde de Legan\u00e9s <\/a><\/h3>\n<h3><a title=\"14 kil\u00f3metros por la Sierra de Guijo (10 de marzo)\" href=\"https:\/\/blogs.hoy.es\/senderosextremadura\/2013\/03\/07\/14-kilometros-por-la-sierra-de-guijo-10-de-marzo\/\" rel=\"bookmark\">14 kil\u00f3metros por la Sierra de Guijo <\/a><\/h3>\n<h3><a title=\"El Bord\u00f3n contin\u00faa el recorrido por la V\u00eda de la Plata (10 de marzo)\" href=\"https:\/\/blogs.hoy.es\/senderosextremadura\/2013\/03\/06\/el-bordon-continua-el-recorrido-por-la-via-de-la-plata-10-de-marzo\/\" rel=\"bookmark\">El Bord\u00f3n contin\u00faa el recorrido por la V\u00eda de la Plata <\/a><\/h3>\n<h3><a title=\"Senderistas de Salvale\u00f3n organizan la ruta Bejarana-Cancho (10 de marzo)\" href=\"https:\/\/blogs.hoy.es\/senderosextremadura\/2013\/03\/05\/senderistas-de-salvaleon-organizan-la-ruta-bejarana-cancho-10-de-marzo\/\" rel=\"bookmark\">Ruta por Monsanto, el pueblo portugu\u00e9s levantado entre rocas<br \/>\n<\/a><\/h3>\n<h3><a title=\"Senderistas de Salvale\u00f3n organizan la ruta Bejarana-Cancho (10 de marzo)\" href=\"https:\/\/blogs.hoy.es\/senderosextremadura\/2013\/03\/05\/senderistas-de-salvaleon-organizan-la-ruta-bejarana-cancho-10-de-marzo\/\" rel=\"bookmark\">Senderistas de Salvale\u00f3n organizan la ruta Bejarana-Cancho <\/a><\/h3>\n<h3><a title=\"Salida a Gredos con Geogr\u00e1fica (9 y 10 de marzo)\" href=\"https:\/\/blogs.hoy.es\/senderosextremadura\/2013\/02\/27\/salida-a-gredos-con-geografica-9-y-10-de-marzo\/\" rel=\"bookmark\">Salida a Gredos con Geogr\u00e1fica (9 y 10 de marzo)<\/a><\/h3>\n<h3><a title=\"V\u00eda Verde recorrer\u00e1 la Sierra Grande de Hornachos (10 de marzo)\" href=\"https:\/\/blogs.hoy.es\/senderosextremadura\/2013\/03\/03\/via-verde-recorrera-la-sierra-grande-de-hornachos-10-de-marzo\/\" rel=\"bookmark\">V\u00eda Verde recorrer\u00e1 la Sierra Grande de Hornachos <\/a><\/h3>\n<p>&nbsp;<\/p>\n<p>Si quieres que publiquemos tu ruta, env\u00edanos la informaci\u00f3n a <a href=\"mailto:senderismoextremadurahoy@gmail.com\">senderismoextremadurahoy@gmail.com<\/a><\/p>\n<!-- AddThis Advanced Settings generic via filter on the_content --><!-- AddThis Share Buttons generic via filter on the_content -->","protected":false},"excerpt":{"rendered":"<p>\u00a1Hola senderistas! Se acerca el fin de semana. Si a\u00fan no ten\u00e9is plan, os\u00a0 proponemos varias rutas organizadas.<!-- AddThis Advanced Settings generic via filter on get_the_excerpt --><!-- AddThis Share Buttons generic via filter on get_the_excerpt --><\/p>\n","protected":false},"author":3,"featured_media":0,"comment_status":"open","ping_status":"closed","sticky":false,"template":"","format":"standard","meta":[],"categories":[4],"tags":[257,836,839,864,873,944,1035],"_links":{"self":[{"href":"https:\/\/blogs.hoy.es\/senderosextremadura\/wp-json\/wp\/v2\/posts\/1359"}],"collection":[{"href":"https:\/\/blogs.hoy.es\/senderosextremadura\/wp-json\/wp\/v2\/posts"}],"about":[{"href":"https:\/\/blogs.hoy.es\/senderosextremadura\/wp-json\/wp\/v2\/types\/post"}],"author":[{"embeddable":true,"href":"https:\/\/blogs.hoy.es\/senderosextremadura\/wp-json\/wp\/v2\/users\/3"}],"replies":[{"embeddable":true,"href":"https:\/\/blogs.hoy.es\/senderosextremadura\/wp-json\/wp\/v2\/comments?post=1359"}],"version-history":[{"count":0,"href":"https:\/\/blogs.hoy.es\/senderosextremadura\/wp-json\/wp\/v2\/posts\/1359\/revisions"}],"wp:attachment":[{"href":"https:\/\/blogs.hoy.es\/senderosextremadura\/wp-json\/wp\/v2\/media?parent=1359"}],"wp:term":[{"taxonomy":"category","embeddable":true,"href":"https:\/\/blogs.hoy.es\/senderosextremadura\/wp-json\/wp\/v2\/categories?post=1359"},{"taxonomy":"post_tag","embeddable":true,"href":"https:\/\/blogs.hoy.es\/senderosextremadura\/wp-json\/wp\/v2\/tags?post=1359"}],"curies":[{"name":"wp","href":"https:\/\/api.w.org\/{rel}","templated":true}]}}