{"id":1362,"date":"2013-03-08T07:41:12","date_gmt":"2013-03-08T07:41:12","guid":{"rendered":"http:\/\/blogs.hoy.es\/senderosextremadura\/?p=1362"},"modified":"2013-03-08T07:41:12","modified_gmt":"2013-03-08T07:41:12","slug":"el-club-valcorchero-programa-una-ruta-por-el-valle-del-ambroz-10-de-marzo","status":"publish","type":"post","link":"https:\/\/blogs.hoy.es\/senderosextremadura\/2013\/03\/08\/el-club-valcorchero-programa-una-ruta-por-el-valle-del-ambroz-10-de-marzo\/","title":{"rendered":"El club Valcorchero programa una ruta por el Valle del Ambroz (10 de marzo)"},"content":{"rendered":"<p>Este domingo d\u00eda 10 la secci\u00f3n de monta\u00f1a del Club Polideportivo Valcorchero tiene programada una actividad de senderismo en las inmediaciones del Valle del Ambroz, entre Casas del Monte y Jarilla. <!--more-->La salida es a las 8 horas de la puerta del parque de los Pinos y las inscripciones se pueden hacer hasta ma\u00f1ana en la agencia Extrematours. El recorrido es de nivel bajo, de unas 5 horas de duraci\u00f3n y unos 12 kil\u00f3metros. Para m\u00e1s informaci\u00f3n, <a href=\"www.valcorchero.es\"><strong>www.valcorchero.es<\/strong><\/a><\/p>\n<!-- AddThis Advanced Settings generic via filter on the_content --><!-- AddThis Share Buttons generic via filter on the_content -->","protected":false},"excerpt":{"rendered":"<p>Este domingo d\u00eda 10 la secci\u00f3n de monta\u00f1a del Club Polideportivo Valcorchero tiene programada una actividad de senderismo en las inmediaciones del Valle del Ambroz, entre Casas del Monte y Jarilla.<!-- AddThis Advanced Settings generic via filter on get_the_excerpt --><!-- AddThis Share Buttons generic via filter on get_the_excerpt --><\/p>\n","protected":false},"author":27,"featured_media":0,"comment_status":"open","ping_status":"closed","sticky":false,"template":"","format":"standard","meta":[],"categories":[4],"tags":[],"_links":{"self":[{"href":"https:\/\/blogs.hoy.es\/senderosextremadura\/wp-json\/wp\/v2\/posts\/1362"}],"collection":[{"href":"https:\/\/blogs.hoy.es\/senderosextremadura\/wp-json\/wp\/v2\/posts"}],"about":[{"href":"https:\/\/blogs.hoy.es\/senderosextremadura\/wp-json\/wp\/v2\/types\/post"}],"author":[{"embeddable":true,"href":"https:\/\/blogs.hoy.es\/senderosextremadura\/wp-json\/wp\/v2\/users\/27"}],"replies":[{"embeddable":true,"href":"https:\/\/blogs.hoy.es\/senderosextremadura\/wp-json\/wp\/v2\/comments?post=1362"}],"version-history":[{"count":0,"href":"https:\/\/blogs.hoy.es\/senderosextremadura\/wp-json\/wp\/v2\/posts\/1362\/revisions"}],"wp:attachment":[{"href":"https:\/\/blogs.hoy.es\/senderosextremadura\/wp-json\/wp\/v2\/media?parent=1362"}],"wp:term":[{"taxonomy":"category","embeddable":true,"href":"https:\/\/blogs.hoy.es\/senderosextremadura\/wp-json\/wp\/v2\/categories?post=1362"},{"taxonomy":"post_tag","embeddable":true,"href":"https:\/\/blogs.hoy.es\/senderosextremadura\/wp-json\/wp\/v2\/tags?post=1362"}],"curies":[{"name":"wp","href":"https:\/\/api.w.org\/{rel}","templated":true}]}}