{"id":1364,"date":"2013-03-08T08:13:34","date_gmt":"2013-03-08T08:13:34","guid":{"rendered":"http:\/\/blogs.hoy.es\/senderosextremadura\/?p=1364"},"modified":"2013-03-08T08:13:34","modified_gmt":"2013-03-08T08:13:34","slug":"ruta-hasta-la-frontera-con-el-club-del-caminante-10-de-marzo","status":"publish","type":"post","link":"https:\/\/blogs.hoy.es\/senderosextremadura\/2013\/03\/08\/ruta-hasta-la-frontera-con-el-club-del-caminante-10-de-marzo\/","title":{"rendered":"Ruta hasta la frontera con el Club del Caminante (10 de marzo)"},"content":{"rendered":"<p><a href=\"https:\/\/blogs.hoy.es\/senderosextremadura\/2013\/03\/08\/ruta-hasta-la-frontera-con-el-club-del-caminante-10-de-marzo\/426385_10151379536792858_740434379_n\/\" rel=\"attachment wp-att-1365\"><img loading=\"lazy\" class=\"aligncenter  wp-image-1365\" title=\"Cartel de la ruta\" src=\"\/senderosextremadura\/wp-content\/uploads\/sites\/22\/2013\/03\/426385_10151379536792858_740434379_n.jpg\" alt=\"\" width=\"556\" height=\"417\" srcset=\"https:\/\/static-blogs.hoy.es\/wp-content\/uploads\/sites\/22\/2013\/03\/426385_10151379536792858_740434379_n.jpg 960w, https:\/\/static-blogs.hoy.es\/wp-content\/uploads\/sites\/22\/2013\/03\/426385_10151379536792858_740434379_n-300x225.jpg 300w, https:\/\/static-blogs.hoy.es\/wp-content\/uploads\/sites\/22\/2013\/03\/426385_10151379536792858_740434379_n-768x576.jpg 768w, https:\/\/static-blogs.hoy.es\/wp-content\/uploads\/sites\/22\/2013\/03\/426385_10151379536792858_740434379_n-600x450.jpg 600w\" sizes=\"(max-width: 556px) 100vw, 556px\" \/><\/a><\/p>\n<p><!--more-->Este domingo, el <a href=\"http:\/\/www.clubcaminantebadajoz.com\/\" rel=\"external nofollow\"><strong>Club del Caminante de Badajoz<\/strong><\/a> se queda cerquita de casa. El d\u00eda 10 realizar\u00e1n una ruta hasta la pr\u00f3xima frontera con Portugal. Como de costumbre, los caminantes saldr\u00e1n a las 9:30 horas desde el ancla de la avenida de Huelva. En la marcha desde la capital pacense, llegar\u00e1n\u00a0 hasta frontera portuguesa, trayecto sin problemas de barro y donde\u00a0 disfrutar\u00e1n del intenso caf\u00e9 luso.<\/p>\n<p>&nbsp;<\/p>\n<p>Para informaci\u00f3n sobre pr\u00f3ximas rutas consultar <a href=\"http:\/\/www.clubcaminantebadajoz.com\/\" rel=\"external nofollow\"><strong>www.clubcaminantebadajoz.com<\/strong><\/a><\/p>\n<p>&nbsp;<\/p>\n<p>&nbsp;<\/p>\n<!-- AddThis Advanced Settings generic via filter on the_content --><!-- AddThis Share Buttons generic via filter on the_content -->","protected":false},"excerpt":{"rendered":"<p><!-- AddThis Advanced Settings generic via filter on get_the_excerpt --><!-- AddThis Share Buttons generic via filter on get_the_excerpt --><\/p>\n","protected":false},"author":27,"featured_media":0,"comment_status":"open","ping_status":"closed","sticky":false,"template":"","format":"standard","meta":[],"categories":[4],"tags":[],"_links":{"self":[{"href":"https:\/\/blogs.hoy.es\/senderosextremadura\/wp-json\/wp\/v2\/posts\/1364"}],"collection":[{"href":"https:\/\/blogs.hoy.es\/senderosextremadura\/wp-json\/wp\/v2\/posts"}],"about":[{"href":"https:\/\/blogs.hoy.es\/senderosextremadura\/wp-json\/wp\/v2\/types\/post"}],"author":[{"embeddable":true,"href":"https:\/\/blogs.hoy.es\/senderosextremadura\/wp-json\/wp\/v2\/users\/27"}],"replies":[{"embeddable":true,"href":"https:\/\/blogs.hoy.es\/senderosextremadura\/wp-json\/wp\/v2\/comments?post=1364"}],"version-history":[{"count":0,"href":"https:\/\/blogs.hoy.es\/senderosextremadura\/wp-json\/wp\/v2\/posts\/1364\/revisions"}],"wp:attachment":[{"href":"https:\/\/blogs.hoy.es\/senderosextremadura\/wp-json\/wp\/v2\/media?parent=1364"}],"wp:term":[{"taxonomy":"category","embeddable":true,"href":"https:\/\/blogs.hoy.es\/senderosextremadura\/wp-json\/wp\/v2\/categories?post=1364"},{"taxonomy":"post_tag","embeddable":true,"href":"https:\/\/blogs.hoy.es\/senderosextremadura\/wp-json\/wp\/v2\/tags?post=1364"}],"curies":[{"name":"wp","href":"https:\/\/api.w.org\/{rel}","templated":true}]}}