{"id":1374,"date":"2013-03-08T11:39:19","date_gmt":"2013-03-08T11:39:19","guid":{"rendered":"http:\/\/blogs.hoy.es\/senderosextremadura\/?p=1374"},"modified":"2013-03-08T11:39:19","modified_gmt":"2013-03-08T11:39:19","slug":"ruta-por-valverde-de-merida-17-de-marzo","status":"publish","type":"post","link":"https:\/\/blogs.hoy.es\/senderosextremadura\/2013\/03\/08\/ruta-por-valverde-de-merida-17-de-marzo\/","title":{"rendered":"Ruta por Valverde de M\u00e9rida con el club &#039;Cuatro Cerros&#039;  (17 de marzo)"},"content":{"rendered":"<p><a href=\"https:\/\/blogs.hoy.es\/senderosextremadura\/2013\/03\/08\/ruta-por-valverde-de-merida-17-de-marzo\/senderista\/\" rel=\"attachment wp-att-1375\"><img loading=\"lazy\" class=\"alignright  wp-image-1375\" title=\"senderista\" src=\"\/senderosextremadura\/wp-content\/uploads\/sites\/22\/2013\/03\/senderista.jpg\" alt=\"\" width=\"225\" height=\"338\" srcset=\"https:\/\/static-blogs.hoy.es\/wp-content\/uploads\/sites\/22\/2013\/03\/senderista.jpg 533w, https:\/\/static-blogs.hoy.es\/wp-content\/uploads\/sites\/22\/2013\/03\/senderista-200x300.jpg 200w\" sizes=\"(max-width: 225px) 100vw, 225px\" \/><\/a>El reci\u00e9n estrenado <strong>Club de Senderismo Cuatro Cerros de Valverde de M\u00e9rida<\/strong> ha organizado una ruta de <strong>19 kil\u00f3metros<\/strong> para el pr\u00f3ximo 17 de marzo. Su dificultad media-baja. Los caminantes saldr\u00e1n\u00a0 desde la Plaza de Espa\u00f1a a las 9:00 h, zigzagueando por algunas calles del pueblo en direcci\u00f3n al <strong>r\u00edo Guadiana<\/strong> atravesando una extensa dehesa donde podemos encontrar encinas, matorrales, esparragueras. Seguiremos por el margen derecho del r\u00edo Guadiana observando algunas aves acu\u00e1ticas as\u00ed como grandes eucaliptos.<!--more--><br \/>\nGiraremos a la derecha para atravesar la finca \u201cCotorrillo\u201d y subiremos las cuestas hasta llegar al \u201cGuijo\u201d donde nos repondremos con fruta y agua contemplando las maravillosas vistas. Continuaremos con direcci\u00f3n al \u201cJudio\u201d aunque giraremos a la derecha observando diferentes cultivos, zona de cardillos, etc&#8230; Rodearemos la \u201cAlameda de Pepito\u201d (muy apreciada por los cazadores de la zona) e iremos hacia el pueblo bajando por el camino de \u201cLa Charca\u201d. Y quedando a los lados dos de los cuatro cerros que rodean nuestro pueblo (Cerro \u201cCalder\u00f3n\u201d y Cerro \u201cLa horca\u201d, junto con el Cerro \u201cSalguero\u201d y el Cerro \u201cLas Yeguas\u201d), y que a ellos debemos el nombre de nuestro club, divisaremos el gran patrimonio de Valverde de M\u00e9rida, su Iglesia \u201cSanta Marina\u201d. A la llegada a la Plaza de Espa\u00f1a disfrutaremos de una <strong>gran garbanzada<\/strong> y algunos productos t\u00edpicos de nuestra tierra.<\/p>\n<!-- AddThis Advanced Settings generic via filter on the_content --><!-- AddThis Share Buttons generic via filter on the_content -->","protected":false},"excerpt":{"rendered":"<p>El reci\u00e9n estrenado Club de Senderismo Cuatro Cerros de Valverde de M\u00e9rida ha organizado una ruta de 19 kil\u00f3metros para el pr\u00f3ximo 17 de marzo. Su dificultad media-baja. Los caminantes saldr\u00e1n\u00a0 desde la Plaza de Espa\u00f1a a las 9:00 h, zigzagueando por algunas calles del pueblo en direcci\u00f3n al r\u00edo Guadiana atravesando una extensa dehesa [&hellip;]<!-- AddThis Advanced Settings generic via filter on get_the_excerpt --><!-- AddThis Share Buttons generic via filter on get_the_excerpt --><\/p>\n","protected":false},"author":27,"featured_media":0,"comment_status":"open","ping_status":"closed","sticky":false,"template":"","format":"standard","meta":[],"categories":[4],"tags":[],"_links":{"self":[{"href":"https:\/\/blogs.hoy.es\/senderosextremadura\/wp-json\/wp\/v2\/posts\/1374"}],"collection":[{"href":"https:\/\/blogs.hoy.es\/senderosextremadura\/wp-json\/wp\/v2\/posts"}],"about":[{"href":"https:\/\/blogs.hoy.es\/senderosextremadura\/wp-json\/wp\/v2\/types\/post"}],"author":[{"embeddable":true,"href":"https:\/\/blogs.hoy.es\/senderosextremadura\/wp-json\/wp\/v2\/users\/27"}],"replies":[{"embeddable":true,"href":"https:\/\/blogs.hoy.es\/senderosextremadura\/wp-json\/wp\/v2\/comments?post=1374"}],"version-history":[{"count":0,"href":"https:\/\/blogs.hoy.es\/senderosextremadura\/wp-json\/wp\/v2\/posts\/1374\/revisions"}],"wp:attachment":[{"href":"https:\/\/blogs.hoy.es\/senderosextremadura\/wp-json\/wp\/v2\/media?parent=1374"}],"wp:term":[{"taxonomy":"category","embeddable":true,"href":"https:\/\/blogs.hoy.es\/senderosextremadura\/wp-json\/wp\/v2\/categories?post=1374"},{"taxonomy":"post_tag","embeddable":true,"href":"https:\/\/blogs.hoy.es\/senderosextremadura\/wp-json\/wp\/v2\/tags?post=1374"}],"curies":[{"name":"wp","href":"https:\/\/api.w.org\/{rel}","templated":true}]}}