{"id":1378,"date":"2013-03-11T19:06:31","date_gmt":"2013-03-11T19:06:31","guid":{"rendered":"http:\/\/blogs.hoy.es\/senderosextremadura\/?p=1378"},"modified":"2013-03-11T19:06:31","modified_gmt":"2013-03-11T19:06:31","slug":"ruta-de-los-galapagos-y-marcha-por-el-gevora-alto-16-y-17-de-marzo","status":"publish","type":"post","link":"https:\/\/blogs.hoy.es\/senderosextremadura\/2013\/03\/11\/ruta-de-los-galapagos-y-marcha-por-el-gevora-alto-16-y-17-de-marzo\/","title":{"rendered":"Ruta de Los Gal\u00e1pagos y marcha por el G\u00e9vora Alto (16 y 17 de marzo)"},"content":{"rendered":"<div id=\"attachment_1379\" style=\"width: 235px\" class=\"wp-caption alignright\"><a href=\"https:\/\/blogs.hoy.es\/senderosextremadura\/2013\/03\/11\/ruta-de-los-galapagos-y-marcha-por-el-gevora-alto-16-y-17-de-marzo\/gevora-alton\/\" rel=\"attachment wp-att-1379\"><img aria-describedby=\"caption-attachment-1379\" loading=\"lazy\" class=\"size-medium wp-image-1379\" title=\"Cauce del r\u00edo G\u00e9vora, en las inmediaciones de La Codosera:: A. MURILLO\" src=\"\/senderosextremadura\/wp-content\/uploads\/sites\/22\/2013\/03\/GEVORA-ALTOn.jpg\" alt=\"Cauce del r\u00edo G\u00e9vora, en las inmediaciones de La Codosera:: A. MURILLO\" width=\"225\" height=\"300\" srcset=\"https:\/\/static-blogs.hoy.es\/wp-content\/uploads\/sites\/22\/2013\/03\/GEVORA-ALTOn.jpg 720w, https:\/\/static-blogs.hoy.es\/wp-content\/uploads\/sites\/22\/2013\/03\/GEVORA-ALTOn-225x300.jpg 225w, https:\/\/static-blogs.hoy.es\/wp-content\/uploads\/sites\/22\/2013\/03\/GEVORA-ALTOn-600x800.jpg 600w\" sizes=\"(max-width: 225px) 100vw, 225px\" \/><\/a><p id=\"caption-attachment-1379\" class=\"wp-caption-text\">Cauce del r\u00edo G\u00e9vora, en las inmediaciones de La Codosera:: A. MURILLO<\/p><\/div>\n<p>Este s\u00e1bado 16 de marzo tendr\u00e1 lugar la <strong>ruta &#8216;Los Gal\u00e1pagos&#8217;<\/strong>, con salida desde Higuera de Vargas y organizada por la Diputaci\u00f3n de Badajoz. La marcha estaba prevista para el 10 de marzo pero fue suspendida por previsi\u00f3n de mal tiempo. \u00a0El domingo 17 de marzo se celebrar\u00e1 la <strong>ruta \u2018R\u00edo G\u00e9vora Alto\u2019<\/strong>, con salida en La Codosera. Buena ocasi\u00f3n para disfrutar de la crecida del r\u00edo con las \u00faltimas lluvias.\u00a0 Ambas actividades se enmarcan en el <a href=\"http:\/\/web.dip-badajoz.es\/proyectos\/guadiana_internacional\/\" target=\"_blank\" rel=\"external nofollow\"><strong>Plan de Dinaminaci\u00f3n Tur\u00edstica Guadiana Internacional.<\/strong><\/a><\/p>\n<p><!--more--><\/p>\n<p><strong>OTRAS RUTAS PROGRAMADAS POR LA DIPUTACI\u00d3N<\/strong><\/p>\n<ul>\n<li>\u201cLas Lagunas de La Albuera\u201d, con salida el 30 de marzo desde Torre de Miguel Sesmero<\/li>\n<\/ul>\n<ul>\n<li>\u201cPuente Ajuda\u201d, con salida el 7 de abril desde Olivenza.<\/li>\n<\/ul>\n<p>Todos los interesados pueden\u00a0 encontrar esta informaci\u00f3n y el folleto digital en la p\u00e1gina web del Plan de Competitividad Tur\u00edstica Guadiana Internacional:<\/p>\n<p><a href=\"mailto:guadianaint@dip-badajoz.es\" target=\"_blank\">guadianaint@dip-badajoz.es<\/a><br \/>\nTfno: 924212311<\/p>\n<!-- AddThis Advanced Settings generic via filter on the_content --><!-- AddThis Share Buttons generic via filter on the_content -->","protected":false},"excerpt":{"rendered":"<p>Este s\u00e1bado 16 de marzo tendr\u00e1 lugar la ruta &#8216;Los Gal\u00e1pagos&#8217;, con salida desde Higuera de Vargas y organizada por la Diputaci\u00f3n de Badajoz. La marcha estaba prevista para el 10 de marzo pero fue suspendida por previsi\u00f3n de mal tiempo. \u00a0El domingo 17 de marzo se celebrar\u00e1 la ruta \u2018R\u00edo G\u00e9vora Alto\u2019, con salida [&hellip;]<!-- AddThis Advanced Settings generic via filter on get_the_excerpt --><!-- AddThis Share Buttons generic via filter on get_the_excerpt --><\/p>\n","protected":false},"author":27,"featured_media":0,"comment_status":"open","ping_status":"closed","sticky":false,"template":"","format":"standard","meta":[],"categories":[4],"tags":[265,369,552,817,836,873],"_links":{"self":[{"href":"https:\/\/blogs.hoy.es\/senderosextremadura\/wp-json\/wp\/v2\/posts\/1378"}],"collection":[{"href":"https:\/\/blogs.hoy.es\/senderosextremadura\/wp-json\/wp\/v2\/posts"}],"about":[{"href":"https:\/\/blogs.hoy.es\/senderosextremadura\/wp-json\/wp\/v2\/types\/post"}],"author":[{"embeddable":true,"href":"https:\/\/blogs.hoy.es\/senderosextremadura\/wp-json\/wp\/v2\/users\/27"}],"replies":[{"embeddable":true,"href":"https:\/\/blogs.hoy.es\/senderosextremadura\/wp-json\/wp\/v2\/comments?post=1378"}],"version-history":[{"count":0,"href":"https:\/\/blogs.hoy.es\/senderosextremadura\/wp-json\/wp\/v2\/posts\/1378\/revisions"}],"wp:attachment":[{"href":"https:\/\/blogs.hoy.es\/senderosextremadura\/wp-json\/wp\/v2\/media?parent=1378"}],"wp:term":[{"taxonomy":"category","embeddable":true,"href":"https:\/\/blogs.hoy.es\/senderosextremadura\/wp-json\/wp\/v2\/categories?post=1378"},{"taxonomy":"post_tag","embeddable":true,"href":"https:\/\/blogs.hoy.es\/senderosextremadura\/wp-json\/wp\/v2\/tags?post=1378"}],"curies":[{"name":"wp","href":"https:\/\/api.w.org\/{rel}","templated":true}]}}