{"id":1384,"date":"2013-04-29T10:00:06","date_gmt":"2013-04-29T10:00:06","guid":{"rendered":"http:\/\/blogs.hoy.es\/senderosextremadura\/?p=1384"},"modified":"2013-04-29T10:00:06","modified_gmt":"2013-04-29T10:00:06","slug":"ruta-historica-de-los-matacanes-olivenza-5-de-mayo","status":"publish","type":"post","link":"https:\/\/blogs.hoy.es\/senderosextremadura\/2013\/04\/29\/ruta-historica-de-los-matacanes-olivenza-5-de-mayo\/","title":{"rendered":"Ruta de los Matacanes, Olivenza (5 de mayo)"},"content":{"rendered":"<div class=\"mceTemp mceIEcenter\">\n<dl id=\"attachment_1387\" class=\"wp-caption aligncenter\" style=\"width: 610px;\">\n<dd><a href=\"https:\/\/blogs.hoy.es\/senderosextremadura\/2013\/04\/29\/ruta-historica-de-los-matacanes-olivenza-5-de-mayo\/matacanesss\/\" rel=\"attachment wp-att-1449\"><img loading=\"lazy\" class=\"aligncenter size-large wp-image-1449\" title=\"Cartel de la ruta\" src=\"\/senderosextremadura\/wp-content\/uploads\/sites\/22\/2013\/03\/matacanesss.jpg\" alt=\"\" width=\"600\" height=\"424\" srcset=\"https:\/\/static-blogs.hoy.es\/wp-content\/uploads\/sites\/22\/2013\/03\/matacanesss.jpg 2048w, https:\/\/static-blogs.hoy.es\/wp-content\/uploads\/sites\/22\/2013\/03\/matacanesss-300x212.jpg 300w, https:\/\/static-blogs.hoy.es\/wp-content\/uploads\/sites\/22\/2013\/03\/matacanesss-768x543.jpg 768w, https:\/\/static-blogs.hoy.es\/wp-content\/uploads\/sites\/22\/2013\/03\/matacanesss-600x424.jpg 600w\" sizes=\"(max-width: 600px) 100vw, 600px\" \/><\/a>La ruta discurrir\u00e1 por los alrededores de Olivenza<\/dd>\n<\/dl>\n<\/div>\n<h5 data-ft=\"{\"type\":1,\"tn\":\"K\"}\">18 de enero 1657. Me llamo Trist\u00e1n, soldado de las tropas del Rey Alfonso. Tras mi guardia en la atalaya de las Moitas, me dirijo caminando hacia Olivenza para apostarme en uno de los matacanes y defender las murallas. El ej\u00e9rcito enemigo nos asedia hace ya varios meses y el hambre y el cruel fr\u00edo de este invierno est\u00e1 haciendo mella en nuestros batallones. <!--more-->El sendero es largo y est\u00e1 plagado de peligros, pero debo llegar a mi destino cuanto antes. Mis fuerzas no pueden flaquear ahora, aunque me aterroriza cada d\u00eda m\u00e1s la idea de morir en uno de los ataques de esta afrenta. Mi mente y mi coraz\u00f3n se protegen dejando de sentir cuando escucho las bayonetas y los ca\u00f1ones al alba. Cuando alcance mi puesto en el matac\u00e1n de la muralla norte, la soledad atrapar\u00e1 mi ser y me dejar\u00e1 a su merced. Pero mientras camino, siento la libertad y el aire de la ma\u00f1ana entrando en mis pulmones. Los parajes que rodean esta fortaleza son de una grandiosidad tan \u00fanica, que me dejan evadirme por instantes de la vor\u00e1gine de la guerra. Mis pies arrastran con ellos mis pesares y mis propias batallas interiores, aunque siguen avanzando para poder dejar mi invisible rastro en la historia. Conozco tan bien este camino que podr\u00eda viajar por \u00e9l con los ojos cerrados y llegar hasta donde nac\u00ed y donde quiero yacer tras mi muerte. S\u00f3lo espero que alg\u00fan d\u00eda, mi sufrimiento sirva a quienes me sucedan para poder transitar por estos senderos libres y con la certeza de que estar\u00e1n a salvo de cualquier mal.<\/h5>\n<p>Si quieres transitar por los parajes que fueron testigo de esta historia, <strong><a href=\"http:\/\/www.facebook.com\/club.prisinas\" rel=\"external nofollow\">Prisi\u00f1as Club Senderista<\/a><\/strong> de invita a participar en la <strong>Ruta de los Matacanes<\/strong>, que tendr\u00e1 lugar el <strong>5 de mayo. Habr\u00e1 desayuno y comida t\u00edpicos. Adem\u00e1s, pod\u00e9is participar en un concurso de fotograf\u00eda. <a href=\"http:\/\/www.clubsenderistaolivenza.es\/\" target=\"_blank\" rel=\"external nofollow\">Pod\u00e9is ver todos los detalles en la web del club<\/a>.<br \/>\n<\/strong><\/p>\n<p><strong>INSCRIPCIONES<\/strong><\/p>\n<p>El plazo para inscribirse termina este 30 de abril. S\u00f3lo ten\u00e9is que rellenar la inscripci\u00f3n y enviarla por correo electr\u00f3nico a <strong>clubsenderistaolivenza@yahoo.es<\/strong> o entregarla en la Gerencia de Deportes de Olivenza o en Sagitario V\u00eddeo. Deb\u00e9is adjuntar el justificante de pago de los 6 euros. Si lo envi\u00e1is por correo electr\u00f3nico le hac\u00e9is una foto o lo escane\u00e1is.<br \/>\nOs enviar\u00e1n un correo de confirmaci\u00f3n a vuestro mail.<br \/>\nTen\u00e9is toda la informaci\u00f3n en la web <a href=\"http:\/\/www.clubsenderistaolivenza.es\" rel=\"nofollow external\" target=\"_blank\">www.clubsenderistaolivenza.es<\/a> o llamando a los tel\u00e9fonos 625335263\/ 687292861<\/p>\n<p>M\u00e1s abajo se muestran los dos recorridos de la ruta, ambos con inicio y final en los mismos puntos.<\/p>\n<p><a href=\"https:\/\/blogs.hoy.es\/senderosextremadura\/2013\/04\/29\/ruta-historica-de-los-matacanes-olivenza-5-de-mayo\/matacanes-recorridos\/\" rel=\"attachment wp-att-1450\"><img loading=\"lazy\" class=\"aligncenter size-large wp-image-1450\" title=\"matacanes-recorridos\" src=\"\/senderosextremadura\/wp-content\/uploads\/sites\/22\/2013\/03\/matacanes-recorridos.jpg\" alt=\"\" width=\"600\" height=\"540\" srcset=\"https:\/\/static-blogs.hoy.es\/wp-content\/uploads\/sites\/22\/2013\/03\/matacanes-recorridos.jpg 3543w, https:\/\/static-blogs.hoy.es\/wp-content\/uploads\/sites\/22\/2013\/03\/matacanes-recorridos-300x270.jpg 300w, https:\/\/static-blogs.hoy.es\/wp-content\/uploads\/sites\/22\/2013\/03\/matacanes-recorridos-768x691.jpg 768w, https:\/\/static-blogs.hoy.es\/wp-content\/uploads\/sites\/22\/2013\/03\/matacanes-recorridos-600x540.jpg 600w\" sizes=\"(max-width: 600px) 100vw, 600px\" \/><\/a><\/p>\n<p>&nbsp;<\/p>\n<!-- AddThis Advanced Settings generic via filter on the_content --><!-- AddThis Share Buttons generic via filter on the_content -->","protected":false},"excerpt":{"rendered":"<p>La ruta discurrir\u00e1 por los alrededores de Olivenza 18 de enero 1657. Me llamo Trist\u00e1n, soldado de las tropas del Rey Alfonso. Tras mi guardia en la atalaya de las Moitas, me dirijo caminando hacia Olivenza para apostarme en uno de los matacanes y defender las murallas. El ej\u00e9rcito enemigo nos asedia hace ya varios [&hellip;]<!-- AddThis Advanced Settings generic via filter on get_the_excerpt --><!-- AddThis Share Buttons generic via filter on get_the_excerpt --><\/p>\n","protected":false},"author":27,"featured_media":0,"comment_status":"open","ping_status":"closed","sticky":false,"template":"","format":"standard","meta":[],"categories":[4],"tags":[],"_links":{"self":[{"href":"https:\/\/blogs.hoy.es\/senderosextremadura\/wp-json\/wp\/v2\/posts\/1384"}],"collection":[{"href":"https:\/\/blogs.hoy.es\/senderosextremadura\/wp-json\/wp\/v2\/posts"}],"about":[{"href":"https:\/\/blogs.hoy.es\/senderosextremadura\/wp-json\/wp\/v2\/types\/post"}],"author":[{"embeddable":true,"href":"https:\/\/blogs.hoy.es\/senderosextremadura\/wp-json\/wp\/v2\/users\/27"}],"replies":[{"embeddable":true,"href":"https:\/\/blogs.hoy.es\/senderosextremadura\/wp-json\/wp\/v2\/comments?post=1384"}],"version-history":[{"count":0,"href":"https:\/\/blogs.hoy.es\/senderosextremadura\/wp-json\/wp\/v2\/posts\/1384\/revisions"}],"wp:attachment":[{"href":"https:\/\/blogs.hoy.es\/senderosextremadura\/wp-json\/wp\/v2\/media?parent=1384"}],"wp:term":[{"taxonomy":"category","embeddable":true,"href":"https:\/\/blogs.hoy.es\/senderosextremadura\/wp-json\/wp\/v2\/categories?post=1384"},{"taxonomy":"post_tag","embeddable":true,"href":"https:\/\/blogs.hoy.es\/senderosextremadura\/wp-json\/wp\/v2\/tags?post=1384"}],"curies":[{"name":"wp","href":"https:\/\/api.w.org\/{rel}","templated":true}]}}