{"id":1390,"date":"2013-03-12T18:20:24","date_gmt":"2013-03-12T18:20:24","guid":{"rendered":"http:\/\/blogs.hoy.es\/senderosextremadura\/?p=1390"},"modified":"2013-03-12T18:20:24","modified_gmt":"2013-03-12T18:20:24","slug":"noche-de-estrellas-senderismo-y-astronomia-en-plasencia-28-de-marzo","status":"publish","type":"post","link":"https:\/\/blogs.hoy.es\/senderosextremadura\/2013\/03\/12\/noche-de-estrellas-senderismo-y-astronomia-en-plasencia-28-de-marzo\/","title":{"rendered":"Noche de estrellas: Senderismo y astronom\u00eda en Plasencia (28 de marzo)"},"content":{"rendered":"<p><a href=\"https:\/\/blogs.hoy.es\/senderosextremadura\/2013\/03\/12\/noche-de-estrellas-senderismo-y-astronomia-en-plasencia-28-de-marzo\/ruta-nocturna\/\" rel=\"attachment wp-att-1392\"><img loading=\"lazy\" class=\"aligncenter size-full wp-image-1392\" title=\"\" src=\"\/senderosextremadura\/wp-content\/uploads\/sites\/22\/2013\/03\/ruta-nocturna.jpg\" alt=\"\" width=\"550\" height=\"247\" srcset=\"https:\/\/static-blogs.hoy.es\/wp-content\/uploads\/sites\/22\/2013\/03\/ruta-nocturna.jpg 550w, https:\/\/static-blogs.hoy.es\/wp-content\/uploads\/sites\/22\/2013\/03\/ruta-nocturna-300x135.jpg 300w\" sizes=\"(max-width: 550px) 100vw, 550px\" \/><\/a><\/p>\n<p>El Jueves Santo se desarrollar\u00e1 una ruta de<strong> senderismo nocturno<\/strong> desde el Albergue Santa Ana de Plasencia. Lactividad dar\u00e1 comienzo a las 20:00 y los participantes caminar\u00e1n hasta la <strong>zona del Valcorchero,<\/strong> donde se instalar\u00e1n equipos de observaci\u00f3n y se podr\u00e1 disfrutar de una <strong>noche de estrellas guiada por monitores especializados.<\/strong> <!--more-->Tras la observaci\u00f3n se realizar\u00e1 la vuelta hasta el albergue, caminando por los caminos de la zona y contemplando las estrellas y las vistas de Plasencia desde el Puerto. Para finalmente terminar en el albergue con un chocolate con dulces. La actividad est\u00e1 abierta a todas las edades, tendr\u00e1 una duraci\u00f3n de unas 4 horas.<\/p>\n<p>Las inscripciones se pueden realizar por la <a href=\"www.alberguesantaana.es\" target=\"_blank\"><strong>p\u00e1gina web del albergue<\/strong><\/a> . La inscripci\u00f3n tiene un precio de <strong>10 euros<\/strong>, e incluye gu\u00eda para la actividad, monitores especialistas, seguro y <strong>chocolate con dulces.<\/strong><\/p>\n<p><strong>M\u00c1S INFORMACI\u00d3N EN<\/strong><\/p>\n<p><a href=\"www.alberguesantaana.es\" target=\"_blank\"><strong>www.alberguesantaana.es<\/strong><br \/>\n<\/a><\/p>\n<p>&nbsp;<\/p>\n<!-- AddThis Advanced Settings generic via filter on the_content --><!-- AddThis Share Buttons generic via filter on the_content -->","protected":false},"excerpt":{"rendered":"<p>El Jueves Santo se desarrollar\u00e1 una ruta de senderismo nocturno desde el Albergue Santa Ana de Plasencia. Lactividad dar\u00e1 comienzo a las 20:00 y los participantes caminar\u00e1n hasta la zona del Valcorchero, donde se instalar\u00e1n equipos de observaci\u00f3n y se podr\u00e1 disfrutar de una noche de estrellas guiada por monitores especializados.<!-- AddThis Advanced Settings generic via filter on get_the_excerpt --><!-- AddThis Share Buttons generic via filter on get_the_excerpt --><\/p>\n","protected":false},"author":27,"featured_media":0,"comment_status":"open","ping_status":"closed","sticky":false,"template":"","format":"standard","meta":[],"categories":[4],"tags":[22,571,780,836,906,932,944,1035],"_links":{"self":[{"href":"https:\/\/blogs.hoy.es\/senderosextremadura\/wp-json\/wp\/v2\/posts\/1390"}],"collection":[{"href":"https:\/\/blogs.hoy.es\/senderosextremadura\/wp-json\/wp\/v2\/posts"}],"about":[{"href":"https:\/\/blogs.hoy.es\/senderosextremadura\/wp-json\/wp\/v2\/types\/post"}],"author":[{"embeddable":true,"href":"https:\/\/blogs.hoy.es\/senderosextremadura\/wp-json\/wp\/v2\/users\/27"}],"replies":[{"embeddable":true,"href":"https:\/\/blogs.hoy.es\/senderosextremadura\/wp-json\/wp\/v2\/comments?post=1390"}],"version-history":[{"count":0,"href":"https:\/\/blogs.hoy.es\/senderosextremadura\/wp-json\/wp\/v2\/posts\/1390\/revisions"}],"wp:attachment":[{"href":"https:\/\/blogs.hoy.es\/senderosextremadura\/wp-json\/wp\/v2\/media?parent=1390"}],"wp:term":[{"taxonomy":"category","embeddable":true,"href":"https:\/\/blogs.hoy.es\/senderosextremadura\/wp-json\/wp\/v2\/categories?post=1390"},{"taxonomy":"post_tag","embeddable":true,"href":"https:\/\/blogs.hoy.es\/senderosextremadura\/wp-json\/wp\/v2\/tags?post=1390"}],"curies":[{"name":"wp","href":"https:\/\/api.w.org\/{rel}","templated":true}]}}