{"id":1394,"date":"2013-03-20T18:35:22","date_gmt":"2013-03-20T18:35:22","guid":{"rendered":"http:\/\/blogs.hoy.es\/senderosextremadura\/?p=1394"},"modified":"2013-03-20T18:35:22","modified_gmt":"2013-03-20T18:35:22","slug":"ruta-de-alfonso-xiii-por-las-hurdes-17-de-marzo","status":"publish","type":"post","link":"https:\/\/blogs.hoy.es\/senderosextremadura\/2013\/03\/20\/ruta-de-alfonso-xiii-por-las-hurdes-17-de-marzo\/","title":{"rendered":"La Ruta de Alfonso XIII organizada por Coria vuelve a suspenderse"},"content":{"rendered":"<p><a href=\"https:\/\/blogs.hoy.es\/senderosextremadura\/2013\/03\/20\/ruta-de-alfonso-xiii-por-las-hurdes-17-de-marzo\/2013-03-17_alfonso-xiii_blogg\/\" rel=\"attachment wp-att-1396\"><img loading=\"lazy\" class=\"aligncenter  wp-image-1396\" title=\"Cartel de la ruta\" src=\"\/senderosextremadura\/wp-content\/uploads\/sites\/22\/2013\/03\/2013-03-17_Alfonso-XIII_blogg.jpg\" alt=\"\" width=\"484\" height=\"343\" srcset=\"https:\/\/static-blogs.hoy.es\/wp-content\/uploads\/sites\/22\/2013\/03\/2013-03-17_Alfonso-XIII_blogg.jpg 1191w, https:\/\/static-blogs.hoy.es\/wp-content\/uploads\/sites\/22\/2013\/03\/2013-03-17_Alfonso-XIII_blogg-300x212.jpg 300w, https:\/\/static-blogs.hoy.es\/wp-content\/uploads\/sites\/22\/2013\/03\/2013-03-17_Alfonso-XIII_blogg-768x543.jpg 768w, https:\/\/static-blogs.hoy.es\/wp-content\/uploads\/sites\/22\/2013\/03\/2013-03-17_Alfonso-XIII_blogg-600x424.jpg 600w\" sizes=\"(max-width: 484px) 100vw, 484px\" \/><\/a><\/p>\n<p><span style=\"text-decoration: underline;\"><span style=\"font-size: small;\">El Ayuntamiento de Coria informa a todos los inscritos en la <strong>RUTA SENDERISTA &#8220;ALFONSO XIII&#8221;,<\/strong> suspendida el pasado domingo 17 de marzo por inclemencias del tiempo, que de nuevo vuelve a suspenderse por la previsi\u00f3n de lluvia en Las Hurdes. Tras la primera cancelaci\u00f3n se hab\u00eda emplazado a los participantes a este domingo 24 de marzo, con el mismo horario de salida, a las 08:00 horas desde la Casa de Cultura. Os mantenemos informados de posibles cambios, por si volviera a convocarse.<br \/>\n<\/span><\/span><\/p>\n<p><span style=\"font-family: Arial; font-size: small;\">\u00a0Aquellas personas inscritas que hayan pagado\u00a0 puedan asistir a la ruta para este domingo deber\u00e1n comunicarlo al Departamento de Deportes (tlfno.: 927.50.80.33 &#8211; 618.84.67.98), reserv\u00e1ndose el pago para pr\u00f3ximas rutas. De igual forma, se vuelve <strong><span style=\"text-decoration: underline;\">abrir el plazo de inscripci\u00f3n<\/span><\/strong> hasta cubrir las 55 plazas del autob\u00fas<\/span><\/p>\n<p><span style=\"font-family: Arial; font-size: small;\">El Departamento de Deportes pide disculpas por las molestias ocasionadas con la suspensi\u00f3n de la ruta.<\/span><\/p>\n<p><span style=\"font-size: small;\"><strong style=\"font-size: small;\"><\/strong> <!--more-->Se trata de una marcha lineal con inicio en el mirador de<strong> Casares de Hurdes<\/strong> (CC-158) y final en <strong>Las Mestas.<\/strong> Los caminantes saldr\u00e1n de la <strong>Casa de Cultura de Coria<\/strong> a las ocho de la ma\u00f1ana. La actividad tiene un coste de diez euros. Se trata de la senda homologada por la Fexme\u00a0 <a href=\"http:\/\/www.fexme.com\/portal\/Portals\/0\/PropertyAgent\/422\/Files\/246\/FICHA%20TECNICA%20PR-CC%20212.pdf\" rel=\"external nofollow\"><strong>PR-CC-212<\/strong><\/a>. En este enlace puedes ver la ficha t\u00e9cnica.<\/span><\/p>\n<p><span style=\"font-size: small;\">M\u00e1s informaci\u00f3n:<\/span><br \/>\n<span style=\"font-size: small;\"> <strong>DPTO. DE DEPORTES<\/strong><\/span><br \/>\n<span style=\"font-size: small;\"> Plaza de San Pedro 1 &#8211; 10800 (CORIA)<\/span><br \/>\n<span style=\"font-size: small;\"> Tel. 927508000 &#8211; Extensi\u00f3n. 261<\/span><br \/>\n<span style=\"font-size: small;\"> Email. <a href=\"mailto:deportescoria@coria.org\" target=\"_blank\">deportescoria@coria.org<\/a><\/span><br \/>\n<span style=\"font-size: small;\"> Web. <a href=\"http:\/\/deportescoria.blogspot.com\/\" target=\"_blank\" rel=\"external nofollow\">http:\/\/deportescoria.blogspot.<wbr>com\/ <\/wbr><\/a><\/span><\/p>\n<!-- AddThis Advanced Settings generic via filter on the_content --><!-- AddThis Share Buttons generic via filter on the_content -->","protected":false},"excerpt":{"rendered":"<p>El Ayuntamiento de Coria informa a todos los inscritos en la RUTA SENDERISTA &#8220;ALFONSO XIII&#8221;, suspendida el pasado domingo 17 de marzo por inclemencias del tiempo, que de nuevo vuelve a suspenderse por la previsi\u00f3n de lluvia en Las Hurdes. Tras la primera cancelaci\u00f3n se hab\u00eda emplazado a los participantes a este domingo 24 de [&hellip;]<!-- AddThis Advanced Settings generic via filter on get_the_excerpt --><!-- AddThis Share Buttons generic via filter on get_the_excerpt --><\/p>\n","protected":false},"author":27,"featured_media":0,"comment_status":"open","ping_status":"closed","sticky":false,"template":"","format":"standard","meta":[],"categories":[4],"tags":[166,310,445,723,751,836,856],"_links":{"self":[{"href":"https:\/\/blogs.hoy.es\/senderosextremadura\/wp-json\/wp\/v2\/posts\/1394"}],"collection":[{"href":"https:\/\/blogs.hoy.es\/senderosextremadura\/wp-json\/wp\/v2\/posts"}],"about":[{"href":"https:\/\/blogs.hoy.es\/senderosextremadura\/wp-json\/wp\/v2\/types\/post"}],"author":[{"embeddable":true,"href":"https:\/\/blogs.hoy.es\/senderosextremadura\/wp-json\/wp\/v2\/users\/27"}],"replies":[{"embeddable":true,"href":"https:\/\/blogs.hoy.es\/senderosextremadura\/wp-json\/wp\/v2\/comments?post=1394"}],"version-history":[{"count":0,"href":"https:\/\/blogs.hoy.es\/senderosextremadura\/wp-json\/wp\/v2\/posts\/1394\/revisions"}],"wp:attachment":[{"href":"https:\/\/blogs.hoy.es\/senderosextremadura\/wp-json\/wp\/v2\/media?parent=1394"}],"wp:term":[{"taxonomy":"category","embeddable":true,"href":"https:\/\/blogs.hoy.es\/senderosextremadura\/wp-json\/wp\/v2\/categories?post=1394"},{"taxonomy":"post_tag","embeddable":true,"href":"https:\/\/blogs.hoy.es\/senderosextremadura\/wp-json\/wp\/v2\/tags?post=1394"}],"curies":[{"name":"wp","href":"https:\/\/api.w.org\/{rel}","templated":true}]}}