{"id":1398,"date":"2013-03-20T22:02:57","date_gmt":"2013-03-20T22:02:57","guid":{"rendered":"http:\/\/blogs.hoy.es\/senderosextremadura\/?p=1398"},"modified":"2013-03-20T22:02:57","modified_gmt":"2013-03-20T22:02:57","slug":"el-club-del-caminante-recorre-los-meandros-del-alagon-17-de-marzo","status":"publish","type":"post","link":"https:\/\/blogs.hoy.es\/senderosextremadura\/2013\/03\/20\/el-club-del-caminante-recorre-los-meandros-del-alagon-17-de-marzo\/","title":{"rendered":"Espectaculares vistas de los meandros del Alag\u00f3n (Galer\u00eda)"},"content":{"rendered":"<div id=\"attachment_1400\" style=\"width: 610px\" class=\"wp-caption aligncenter\"><\/dt>\n<dd class=\"wp-caption-dd\">\n<div class=\"mceTemp mceIEcenter\">\n<dl id=\"attachment_1426\" class=\"wp-caption aligncenter\" style=\"width: 610px;\">\n<dt class=\"wp-caption-dt\"><a href=\"https:\/\/blogs.hoy.es\/senderosextremadura\/2013\/03\/20\/el-club-del-caminante-recorre-los-meandros-del-alagon-17-de-marzo\/meandro-melero\/\" rel=\"attachment wp-att-1426\"><img aria-describedby=\"caption-attachment-1400\" loading=\"lazy\" class=\"size-large wp-image-1426\" title=\"El cauce est\u00e1 completamente lleno a la altura del Meandro de El Melero:: PACO CARRERES\" src=\"\/senderosextremadura\/wp-content\/uploads\/sites\/22\/2013\/03\/meandro-melero.jpg\" alt=\"El cauce est\u00e1 completamente lleno a la altura del Meandro de El Melero:: PACO CARRERES\" width=\"600\" height=\"450\" srcset=\"https:\/\/static-blogs.hoy.es\/wp-content\/uploads\/sites\/22\/2013\/03\/meandro-melero.jpg 1024w, https:\/\/static-blogs.hoy.es\/wp-content\/uploads\/sites\/22\/2013\/03\/meandro-melero-300x225.jpg 300w, https:\/\/static-blogs.hoy.es\/wp-content\/uploads\/sites\/22\/2013\/03\/meandro-melero-768x576.jpg 768w, https:\/\/static-blogs.hoy.es\/wp-content\/uploads\/sites\/22\/2013\/03\/meandro-melero-600x450.jpg 600w\" sizes=\"(max-width: 600px) 100vw, 600px\" \/><\/a><p id=\"caption-attachment-1400\" class=\"wp-caption-text\">El cauce est\u00e1 completamente lleno a la altura del Meandro de El Melero:: PACO CARRERES<\/p><\/div>\n<p>Meandro del Melero<\/dd>\n<\/dl>\n<\/div>\n<p>El <a href=\"http:\/\/www.clubcaminantebadajoz.com\/ruta.php?rut=101231\" rel=\"external nofollow\"><strong>Club del Caminante de Badajoz<\/strong><\/a> realizar\u00f3 el pasado domingo <strong>un recorrido por los meandros del Alag\u00f3n, <\/strong>en la comarca de <a href=\"http:\/\/www.mancomunidadhurdes.org\/index.php?opcion=comarca\" rel=\"external nofollow\"><strong>Las Hurdes<\/strong><\/a> (<a href=\"http:\/\/www.hoy.es\/multimedia\/fotos\/ultimos\/117117-ruta-meandros-alagon-comarca-hurdes-0.html\" rel=\"external nofollow\"><strong>Galer\u00eda de fotos)<\/strong><\/a>. El mal tiempo no impidi\u00f3 que completaran la marcha transcurre paralela a las <strong>m\u00e1rgenes derechas de los r\u00edos Ladrillar<\/strong>, en el primer tramo, y <strong>Alag\u00f3n<\/strong>, en el resto del recorrido. Sus orillas se\u00f1alan la l\u00ednea divisoria del <a href=\"http:\/\/www.patrimonionatural.org\/ren.php?espacio_id=8\" rel=\"external nofollow\"><strong>Parque Natural de las Batuecas-Sierra de Francia<\/strong><\/a> (Salamanca\/Castilla-Le\u00f3n) &#8211; margen izquierdo- y las Hurdes &#8211; margen derecha-.<\/p>\n<p><!--more--><br \/>\nLa zona posee una rica flora aut\u00f3ctona: jaras, brezos, madro\u00f1eras, pinos, olivos y enebros. En cuanto a la fauna, se pueden avistar rapaces como el buitre negro, \u00e1guilas, cig\u00fce\u00f1as blancas y negras; adem\u00e1s de conejos, zorros, jabal\u00edes, ciervos, etc\u2026<\/p>\n<p><strong>Paco Carreres<\/strong>, miembro del club, <a href=\"http:\/\/www.hoy.es\/multimedia\/fotos\/ultimos\/117117-ruta-meandros-alagon-comarca-hurdes-0.html\" rel=\"external nofollow\">nos ha enviado estas im\u00e1genes<\/a> en las que se puede ver el nivel de agua que llevan los cauces. Menci\u00f3n especial merece la espectacular imagen del <strong>meandro de El Melero<\/strong> que ilustra esta entrada.<\/p>\n<p>&nbsp;<\/p>\n<p><strong>M\u00c1S INFORMACI\u00d3N SOBRE EL CLUB EN:<\/strong><\/p>\n<p><a href=\"http:\/\/www.clubcaminantebadajoz.com\/contacto.php\" rel=\"external nofollow\"><strong>www.clubcaminantebadajoz.com<\/strong><\/a><\/p>\n<p>Plaza Alta Edificio de Asociaciones en el Arco del Peso<\/p>\n<p>Apartado de Correos 703<\/p>\n<p>06001 Badajoz<\/p>\n<p>924 22 32 28<\/p>\n<p>M\u00f3vil (solo rutas) 639 911 512<\/p>\n<p><strong>\u00a0<a href=\"mailto:clubcaminante@badajoz.org\">ccaminantebadajoz@gmail.com<\/a><\/strong><\/p>\n<p>&nbsp;<\/p>\n<!-- AddThis Advanced Settings generic via filter on the_content --><!-- AddThis Share Buttons generic via filter on the_content -->","protected":false},"excerpt":{"rendered":"<p>Meandro del Melero El Club del Caminante de Badajoz realizar\u00f3 el pasado domingo un recorrido por los meandros del Alag\u00f3n, en la comarca de Las Hurdes (Galer\u00eda de fotos). El mal tiempo no impidi\u00f3 que completaran la marcha transcurre paralela a las m\u00e1rgenes derechas de los r\u00edos Ladrillar, en el primer tramo, y Alag\u00f3n, en [&hellip;]<!-- AddThis Advanced Settings generic via filter on get_the_excerpt --><!-- AddThis Share Buttons generic via filter on get_the_excerpt --><\/p>\n","protected":false},"author":3,"featured_media":0,"comment_status":"open","ping_status":"closed","sticky":false,"template":"","format":"standard","meta":[],"categories":[3,4],"tags":[438,489,491,777,836,917,944,1035],"_links":{"self":[{"href":"https:\/\/blogs.hoy.es\/senderosextremadura\/wp-json\/wp\/v2\/posts\/1398"}],"collection":[{"href":"https:\/\/blogs.hoy.es\/senderosextremadura\/wp-json\/wp\/v2\/posts"}],"about":[{"href":"https:\/\/blogs.hoy.es\/senderosextremadura\/wp-json\/wp\/v2\/types\/post"}],"author":[{"embeddable":true,"href":"https:\/\/blogs.hoy.es\/senderosextremadura\/wp-json\/wp\/v2\/users\/3"}],"replies":[{"embeddable":true,"href":"https:\/\/blogs.hoy.es\/senderosextremadura\/wp-json\/wp\/v2\/comments?post=1398"}],"version-history":[{"count":0,"href":"https:\/\/blogs.hoy.es\/senderosextremadura\/wp-json\/wp\/v2\/posts\/1398\/revisions"}],"wp:attachment":[{"href":"https:\/\/blogs.hoy.es\/senderosextremadura\/wp-json\/wp\/v2\/media?parent=1398"}],"wp:term":[{"taxonomy":"category","embeddable":true,"href":"https:\/\/blogs.hoy.es\/senderosextremadura\/wp-json\/wp\/v2\/categories?post=1398"},{"taxonomy":"post_tag","embeddable":true,"href":"https:\/\/blogs.hoy.es\/senderosextremadura\/wp-json\/wp\/v2\/tags?post=1398"}],"curies":[{"name":"wp","href":"https:\/\/api.w.org\/{rel}","templated":true}]}}