{"id":1401,"date":"2013-03-13T21:06:32","date_gmt":"2013-03-13T21:06:32","guid":{"rendered":"http:\/\/blogs.hoy.es\/senderosextremadura\/?p=1401"},"modified":"2013-03-13T21:06:32","modified_gmt":"2013-03-13T21:06:32","slug":"el-bordon-se-va-de-ruta-por-el-valle-del-jerte-17-de-marzo","status":"publish","type":"post","link":"https:\/\/blogs.hoy.es\/senderosextremadura\/2013\/03\/13\/el-bordon-se-va-de-ruta-por-el-valle-del-jerte-17-de-marzo\/","title":{"rendered":"El Bord\u00f3n se va de ruta por el Valle del Jerte (17 de marzo)"},"content":{"rendered":"<p><a href=\"https:\/\/blogs.hoy.es\/senderosextremadura\/2013\/03\/13\/el-bordon-se-va-de-ruta-por-el-valle-del-jerte-17-de-marzo\/cerezo0\/\" rel=\"attachment wp-att-1403\"><img loading=\"lazy\" class=\"wp-image-1403 aligncenter\" title=\"Los senderistas saben que a\u00fan es pronto para ver la floraci\u00f3n del cerezo\" src=\"\/senderosextremadura\/wp-content\/uploads\/sites\/22\/2013\/03\/cerezo0.jpg\" alt=\"Los senderistas saben que a\u00fan es pronto para ver la floraci\u00f3n del cerezo\" width=\"363\" height=\"398\" srcset=\"https:\/\/static-blogs.hoy.es\/wp-content\/uploads\/sites\/22\/2013\/03\/cerezo0.jpg 501w, https:\/\/static-blogs.hoy.es\/wp-content\/uploads\/sites\/22\/2013\/03\/cerezo0-273x300.jpg 273w\" sizes=\"(max-width: 363px) 100vw, 363px\" \/><\/a>El pr\u00f3ximo domingo 17 de marzo la <strong>asociaci\u00f3n deportiva El Bord\u00f3n<\/strong> de Plasencia realizar\u00e1 una <strong>ruta en elValle del Jerte<\/strong> para disfrutar de la flor del cerezo. Algo que la propia organizaci\u00f3n ya sabe que ser\u00e1 dif\u00edcil, porque las lluvias est\u00e1n retrasando la floraci\u00f3n y la trasladar\u00e1n al mes de abril probablemente.<!--more--><\/p>\n<p>No obstante la ruta permitir\u00e1 a los participantes disfrutar de otros atractivos de la zona. La salida ser\u00e1 a las 7.30 desde la puerta del parque de Los Pinos y el regreso est\u00e1 previsto al mediod\u00eda, seg\u00fan la organizaci\u00f3n.<\/p>\n<p>&nbsp;<\/p>\n<p>Otras rutas programadas para el mismo d\u00eda:<\/p>\n<h3><a title=\"El Club del Caminante recorre los meandros del Alag\u00f3n (17 de marzo)\" href=\"https:\/\/blogs.hoy.es\/senderosextremadura\/2013\/03\/12\/el-club-del-caminante-recorre-los-meandros-del-alagon-17-de-marzo\/\" rel=\"bookmark\">El Club del Caminante recorre los meandros del Alag\u00f3n <\/a><\/h3>\n<h3><a title=\"Ruta de Alfonso XIII por Las Hurdes (17 de marzo)\" href=\"https:\/\/blogs.hoy.es\/senderosextremadura\/2013\/03\/12\/ruta-de-alfonso-xiii-por-las-hurdes-17-de-marzo\/\" rel=\"bookmark\">Ruta de Alfonso XIII por Las Hurdes <\/a><\/h3>\n<h3><a title=\"Ruta de Los Gal\u00e1pagos y marcha por el G\u00e9vora Alto (16 y 17 de marzo)\" href=\"https:\/\/blogs.hoy.es\/senderosextremadura\/2013\/03\/11\/ruta-de-los-galapagos-y-marcha-por-el-gevora-alto-16-y-17-de-marzo\/\" rel=\"bookmark\">Marcha por el G\u00e9vora Alto\u00a0 <\/a><\/h3>\n<h3><a title=\"Caldereta y sorteos en la II Marcha Senderista Valdearenales (17 de marzo)\" href=\"https:\/\/blogs.hoy.es\/senderosextremadura\/2013\/03\/10\/caldereta-y-sorteos-en-la-ii-marcha-senderista-valdearenales-17-de-marzo\/\" rel=\"bookmark\">II Marcha Senderista Valdearenales por Guare\u00f1a<\/a><\/h3>\n<h3><a title=\"Ruta por Valverde de M\u00e9rida con el club \u2018Cuatro Cerros\u2019  (17 de marzo)\" href=\"https:\/\/blogs.hoy.es\/senderosextremadura\/2013\/03\/08\/ruta-por-valverde-de-merida-17-de-marzo\/\" rel=\"bookmark\">Ruta por Valverde de M\u00e9rida con el club \u2018Cuatro Cerros\u2019 <\/a><\/h3>\n<!-- AddThis Advanced Settings generic via filter on the_content --><!-- AddThis Share Buttons generic via filter on the_content -->","protected":false},"excerpt":{"rendered":"<p>El pr\u00f3ximo domingo 17 de marzo la asociaci\u00f3n deportiva El Bord\u00f3n de Plasencia realizar\u00e1 una ruta en elValle del Jerte para disfrutar de la flor del cerezo. Algo que la propia organizaci\u00f3n ya sabe que ser\u00e1 dif\u00edcil, porque las lluvias est\u00e1n retrasando la floraci\u00f3n y la trasladar\u00e1n al mes de abril probablemente.<!-- AddThis Advanced Settings generic via filter on get_the_excerpt --><!-- AddThis Share Buttons generic via filter on get_the_excerpt --><\/p>\n","protected":false},"author":27,"featured_media":0,"comment_status":"open","ping_status":"closed","sticky":false,"template":"","format":"standard","meta":[],"categories":[4],"tags":[833,836,917],"_links":{"self":[{"href":"https:\/\/blogs.hoy.es\/senderosextremadura\/wp-json\/wp\/v2\/posts\/1401"}],"collection":[{"href":"https:\/\/blogs.hoy.es\/senderosextremadura\/wp-json\/wp\/v2\/posts"}],"about":[{"href":"https:\/\/blogs.hoy.es\/senderosextremadura\/wp-json\/wp\/v2\/types\/post"}],"author":[{"embeddable":true,"href":"https:\/\/blogs.hoy.es\/senderosextremadura\/wp-json\/wp\/v2\/users\/27"}],"replies":[{"embeddable":true,"href":"https:\/\/blogs.hoy.es\/senderosextremadura\/wp-json\/wp\/v2\/comments?post=1401"}],"version-history":[{"count":0,"href":"https:\/\/blogs.hoy.es\/senderosextremadura\/wp-json\/wp\/v2\/posts\/1401\/revisions"}],"wp:attachment":[{"href":"https:\/\/blogs.hoy.es\/senderosextremadura\/wp-json\/wp\/v2\/media?parent=1401"}],"wp:term":[{"taxonomy":"category","embeddable":true,"href":"https:\/\/blogs.hoy.es\/senderosextremadura\/wp-json\/wp\/v2\/categories?post=1401"},{"taxonomy":"post_tag","embeddable":true,"href":"https:\/\/blogs.hoy.es\/senderosextremadura\/wp-json\/wp\/v2\/tags?post=1401"}],"curies":[{"name":"wp","href":"https:\/\/api.w.org\/{rel}","templated":true}]}}