{"id":1405,"date":"2013-03-14T11:15:18","date_gmt":"2013-03-14T11:15:18","guid":{"rendered":"http:\/\/blogs.hoy.es\/senderosextremadura\/?p=1405"},"modified":"2013-03-14T11:15:18","modified_gmt":"2013-03-14T11:15:18","slug":"de-aldeanueva-del-camino-a-segura-de-toro-por-la-via-de-la-plata-17-de-marzo","status":"publish","type":"post","link":"https:\/\/blogs.hoy.es\/senderosextremadura\/2013\/03\/14\/de-aldeanueva-del-camino-a-segura-de-toro-por-la-via-de-la-plata-17-de-marzo\/","title":{"rendered":"De Aldeanueva del Camino a Segura de Toro por la v\u00eda de la Plata (17 de marzo)"},"content":{"rendered":"<p>De <strong>Aldeanueva del Camino<\/strong> a Segura de Toro por la v\u00eda de la Plata y de <strong>Segura de Toro<\/strong> a Aldeanueva del Camino por la v\u00eda del tren. Saldremos desde el ayuntamiento de Aldeanueva, despu\u00e9s de recorrer un kil\u00f3metros por la v\u00eda de servicio de la A-66 tomaremos la v\u00eda de la plata, en direcci\u00f3n Plasencia. El primer tramo da servicio a las fincas de la zona, pero el segundo adem\u00e1s es utilizado por los peregrinos, el desv\u00edo est\u00e1 situado en el punto 2,100 Km de nuestra marcha. En el kil\u00f3metro 3,900 se cruza la V\u00eda de la Plata con el antiguo camino a Abad\u00eda, tomaremos este camino en direcci\u00f3n a Segura de Toro, atravesaremos la v\u00eda del tren, por la que despu\u00e9s de visitar Segura de Toro regresaremos a Aldeanueva.<\/p>\n<div><\/div>\n<div><!--more--><\/div>\n<div>Subiremos en direcci\u00f3n a Segura por una pista con bastante pendiente (son solo 2,5 km de subida), hasta llegar a la carretera que une Segura de Toro con Aldeanueva del Camino, continuaremos direcci\u00f3n hacia Segura, hasta llegar a la piscina natural donde haremos una parada para reponer fuerzas (por cuenta de cada participante)<\/div>\n<div>Despu\u00e9s de la parada nos dirigiremos a Segura de Toro, descendiendo hasta la Plaza, callejearemos y tomaremos el Camino Bayona.<\/div>\n<div>Atravesaremos la Garganta Grande (puente Bayona) y enlazamos con la pista por la que hab\u00edamos subido.<\/div>\n<div><a href=\"http:\/\/3.bp.blogspot.com\/--UJm4HWFqfs\/UTCpzZGmS2I\/AAAAAAAAIFU\/wJ20MniGQWU\/s1600\/IMG_5245.JPG\" rel=\"external nofollow\"><img loading=\"lazy\" src=\"\/\/3.bp.blogspot.com\/--UJm4HWFqfs\/UTCpzZGmS2I\/AAAAAAAAIFU\/wJ20MniGQWU\/s200\/IMG_5245.JPG\" alt=\"\" width=\"200\" height=\"132\" border=\"0\" \/><\/a><\/div>\n<div>Al llegar a la v\u00eda del tren comenzaremos a caminar por ella en direcci\u00f3n a Aldeanueva del Camino, son solo 2,5 km, y en algunos tramos se puede caminar por el lateral, as\u00ed que no ser\u00e1 muy pesado.<\/div>\n<div>Llegaremos a la Estaci\u00f3n de Aldeanueva del Camino, seguiremos hasta la carretera de Segura y enlazaremos con la v\u00eda de servicio por la que iniciamos nuestra marcha, hasta finalizar en el ayuntamiento.<\/div>\n<div><\/div>\n<div>\n<div><strong>PUNTO DE ENCUENTRO:<\/strong><\/div>\n<div>Ayuntamiento de Aldeanueva del Camino<\/div>\n<div><strong>CONTROL DE FIRMAS:<\/strong> 8:45 h<\/div>\n<div><strong>HORA DE SALIDA:<\/strong> 9:00 h<\/div>\n<div><strong>DISTANCIA:<\/strong> 15 km<\/div>\n<div><strong>DIFICULTAD:<\/strong> Media<\/div>\n<div><\/div>\n<\/div>\n<div><strong>HORA PREVISTA FINALIZACI\u00d3N:<\/strong> 13:30 h (En el punto de encuentro)<\/div>\n<div><strong>INSCRIPCIONES:<\/strong> Antes del viernes 15 de marzo, a las 14 h. pinchando en el enlace y rellenando el formulario:<\/div>\n<div><\/div>\n<div><a href=\"https:\/\/docs.google.com\/forms\/d\/1_1Isr5uSUQrOSxPUgzBGSaxQcVfVrJiLGccsK1c7nr0\/viewform\" target=\"_blank\">FORMULARIO DE INSCRIPCI\u00d3N<\/a><\/div>\n<div>O en el Ayuntamiento de Aldeanueva del Camino, TLF 927 48 40 48<\/div>\n<div><\/div>\n<div><strong>NOTAS:<\/strong><\/div>\n<div>Los menores de 14 a\u00f1os deber\u00e1n ir acompa\u00f1ados de un adulto. De 15 a 17 a\u00f1os, si van solos, deber\u00e1n presentar autorizaci\u00f3n paterna (ver modelo en blog)<\/div>\n<div>Durante el recorrido la organizaci\u00f3n podr\u00e1 realizar fotograf\u00edas que usar\u00e1 para promover nuevas actividades, adem\u00e1s de colgarlas en este blog.<\/div>\n<div><strong>ORGANIZAN:<\/strong><\/div>\n<div>Ayuntamiento de Aldeanueva del Camino<\/div>\n<p>Servicio de Dinamizaci\u00f3n Deportiva<\/p>\n<!-- AddThis Advanced Settings generic via filter on the_content --><!-- AddThis Share Buttons generic via filter on the_content -->","protected":false},"excerpt":{"rendered":"<p>De Aldeanueva del Camino a Segura de Toro por la v\u00eda de la Plata y de Segura de Toro a Aldeanueva del Camino por la v\u00eda del tren. Saldremos desde el ayuntamiento de Aldeanueva, despu\u00e9s de recorrer un kil\u00f3metros por la v\u00eda de servicio de la A-66 tomaremos la v\u00eda de la plata, en direcci\u00f3n [&hellip;]<!-- AddThis Advanced Settings generic via filter on get_the_excerpt --><!-- AddThis Share Buttons generic via filter on get_the_excerpt --><\/p>\n","protected":false},"author":27,"featured_media":0,"comment_status":"open","ping_status":"closed","sticky":false,"template":"","format":"standard","meta":[],"categories":[4],"tags":[],"_links":{"self":[{"href":"https:\/\/blogs.hoy.es\/senderosextremadura\/wp-json\/wp\/v2\/posts\/1405"}],"collection":[{"href":"https:\/\/blogs.hoy.es\/senderosextremadura\/wp-json\/wp\/v2\/posts"}],"about":[{"href":"https:\/\/blogs.hoy.es\/senderosextremadura\/wp-json\/wp\/v2\/types\/post"}],"author":[{"embeddable":true,"href":"https:\/\/blogs.hoy.es\/senderosextremadura\/wp-json\/wp\/v2\/users\/27"}],"replies":[{"embeddable":true,"href":"https:\/\/blogs.hoy.es\/senderosextremadura\/wp-json\/wp\/v2\/comments?post=1405"}],"version-history":[{"count":0,"href":"https:\/\/blogs.hoy.es\/senderosextremadura\/wp-json\/wp\/v2\/posts\/1405\/revisions"}],"wp:attachment":[{"href":"https:\/\/blogs.hoy.es\/senderosextremadura\/wp-json\/wp\/v2\/media?parent=1405"}],"wp:term":[{"taxonomy":"category","embeddable":true,"href":"https:\/\/blogs.hoy.es\/senderosextremadura\/wp-json\/wp\/v2\/categories?post=1405"},{"taxonomy":"post_tag","embeddable":true,"href":"https:\/\/blogs.hoy.es\/senderosextremadura\/wp-json\/wp\/v2\/tags?post=1405"}],"curies":[{"name":"wp","href":"https:\/\/api.w.org\/{rel}","templated":true}]}}