{"id":1414,"date":"2013-03-18T21:22:17","date_gmt":"2013-03-18T21:22:17","guid":{"rendered":"http:\/\/blogs.hoy.es\/senderosextremadura\/?p=1414"},"modified":"2013-03-18T21:22:17","modified_gmt":"2013-03-18T21:22:17","slug":"la-lluvia-dio-una-tregua-en-la-ruta-valdearenales-por-guarena","status":"publish","type":"post","link":"https:\/\/blogs.hoy.es\/senderosextremadura\/2013\/03\/18\/la-lluvia-dio-una-tregua-en-la-ruta-valdearenales-por-guarena\/","title":{"rendered":"La lluvia dio una tregua en la Ruta Valdearenales de Guare\u00f1a (Galer\u00eda)"},"content":{"rendered":"<p>A pesar de la previsi\u00f3n de lluvia en toda <strong>Extremadura<\/strong>, el tiempo dio una peque\u00f1a tregua para que unos 300 senderistas de distintos puntos de la regi\u00f3n pudieran recorrer los <strong>alrededores de Guare\u00f1a<\/strong> junto a <a href=\"http:\/\/clubdesendederismovaldearenales.blogspot.com.es\/\" rel=\"external nofollow\"><strong>Valdearenales<\/strong><\/a>, el club senderista local organizador del evento. Sus miembros acertaron de lleno al no suspender ni posponer la <strong>marcha de 18 kil\u00f3metros<\/strong> entre parajes repletos de encinas y olivos, a pesar de los negros nubarrones que manchaban el cielo desde el d\u00eda anterior. Tras disfrutar de bonitos paisajes adornados por un manto verde rebosante de agua -que oblig\u00f3 a muchos a mojarse un poco los pi\u00e9s-\u00a0 los participantes pudieron degustar una <strong>rica caldereta extreme\u00f1a<\/strong> preparada por el propio club de senderismo local. Como siempre, todo lo que nos llegan son felicitaciones para los anfitriones. \u00a1Enhorabuena Valdearenales!<\/p>\n<p><a href=\"http:\/\/www.hoy.es\/multimedia\/fotos\/ultimos\/117021-tiempo-pudo-ruta-valdearenales-guarena-0.html\" rel=\"external nofollow\"><strong>GALER\u00cdA DE FOTOS<\/strong><\/a><\/p>\n<p>&nbsp;<\/p>\n<div id=\"attachment_1415\" style=\"width: 610px\" class=\"wp-caption aligncenter\"><a href=\"https:\/\/blogs.hoy.es\/senderosextremadura\/2013\/03\/18\/la-lluvia-dio-una-tregua-en-la-ruta-valdearenales-por-guarena\/valde-3\/\" rel=\"attachment wp-att-1415\"><img aria-describedby=\"caption-attachment-1415\" loading=\"lazy\" class=\"size-large wp-image-1415\" title=\"Los caminantes tuvieron que sortear bastantes charcos. \/ CONRADO R. DEL COSSO\" src=\"\/senderosextremadura\/wp-content\/uploads\/sites\/22\/2013\/03\/valde-3.jpg\" alt=\"Los caminantes tuvieron que sortear bastantes charcos. \/ CONRADO R. DEL COSSO\" width=\"600\" height=\"386\" srcset=\"https:\/\/static-blogs.hoy.es\/wp-content\/uploads\/sites\/22\/2013\/03\/valde-3.jpg 1280w, https:\/\/static-blogs.hoy.es\/wp-content\/uploads\/sites\/22\/2013\/03\/valde-3-300x193.jpg 300w, https:\/\/static-blogs.hoy.es\/wp-content\/uploads\/sites\/22\/2013\/03\/valde-3-768x494.jpg 768w, https:\/\/static-blogs.hoy.es\/wp-content\/uploads\/sites\/22\/2013\/03\/valde-3-600x386.jpg 600w\" sizes=\"(max-width: 600px) 100vw, 600px\" \/><\/a><p id=\"caption-attachment-1415\" class=\"wp-caption-text\">Los caminantes tuvieron que sortear bastantes charcos. \/ CONRADO R. DEL COSSO<\/p><\/div>\n<!-- AddThis Advanced Settings generic via filter on the_content --><!-- AddThis Share Buttons generic via filter on the_content -->","protected":false},"excerpt":{"rendered":"<p>A pesar de la previsi\u00f3n de lluvia en toda Extremadura, el tiempo dio una peque\u00f1a tregua para que unos 300 senderistas de distintos puntos de la regi\u00f3n pudieran recorrer los alrededores de Guare\u00f1a junto a Valdearenales, el club senderista local organizador del evento. Sus miembros acertaron de lleno al no suspender ni posponer la marcha [&hellip;]<!-- AddThis Advanced Settings generic via filter on get_the_excerpt --><!-- AddThis Share Buttons generic via filter on get_the_excerpt --><\/p>\n","protected":false},"author":27,"featured_media":0,"comment_status":"open","ping_status":"closed","sticky":false,"template":"","format":"standard","meta":[],"categories":[3,4],"tags":[372,790,817,836,873],"_links":{"self":[{"href":"https:\/\/blogs.hoy.es\/senderosextremadura\/wp-json\/wp\/v2\/posts\/1414"}],"collection":[{"href":"https:\/\/blogs.hoy.es\/senderosextremadura\/wp-json\/wp\/v2\/posts"}],"about":[{"href":"https:\/\/blogs.hoy.es\/senderosextremadura\/wp-json\/wp\/v2\/types\/post"}],"author":[{"embeddable":true,"href":"https:\/\/blogs.hoy.es\/senderosextremadura\/wp-json\/wp\/v2\/users\/27"}],"replies":[{"embeddable":true,"href":"https:\/\/blogs.hoy.es\/senderosextremadura\/wp-json\/wp\/v2\/comments?post=1414"}],"version-history":[{"count":0,"href":"https:\/\/blogs.hoy.es\/senderosextremadura\/wp-json\/wp\/v2\/posts\/1414\/revisions"}],"wp:attachment":[{"href":"https:\/\/blogs.hoy.es\/senderosextremadura\/wp-json\/wp\/v2\/media?parent=1414"}],"wp:term":[{"taxonomy":"category","embeddable":true,"href":"https:\/\/blogs.hoy.es\/senderosextremadura\/wp-json\/wp\/v2\/categories?post=1414"},{"taxonomy":"post_tag","embeddable":true,"href":"https:\/\/blogs.hoy.es\/senderosextremadura\/wp-json\/wp\/v2\/tags?post=1414"}],"curies":[{"name":"wp","href":"https:\/\/api.w.org\/{rel}","templated":true}]}}