{"id":1423,"date":"2013-03-20T10:20:43","date_gmt":"2013-03-20T10:20:43","guid":{"rendered":"http:\/\/blogs.hoy.es\/senderosextremadura\/?p=1423"},"modified":"2013-03-20T10:20:43","modified_gmt":"2013-03-20T10:20:43","slug":"ruta-por-carmonita-23-de-marzo","status":"publish","type":"post","link":"https:\/\/blogs.hoy.es\/senderosextremadura\/2013\/03\/20\/ruta-por-carmonita-23-de-marzo\/","title":{"rendered":"Ruta por Carmonita (23 de marzo)"},"content":{"rendered":"<div id=\"attachment_1424\" style=\"width: 451px\" class=\"wp-caption alignright\"><a href=\"https:\/\/blogs.hoy.es\/senderosextremadura\/2013\/03\/20\/ruta-por-carmonita-23-de-marzo\/carmoniza\/\" rel=\"attachment wp-att-1424\"><img aria-describedby=\"caption-attachment-1424\" loading=\"lazy\" class=\" wp-image-1424\" title=\"Cartel de la ruta\" src=\"\/senderosextremadura\/wp-content\/uploads\/sites\/22\/2013\/03\/carmoniza.jpg\" alt=\"Cartel de la ruta\" width=\"441\" height=\"622\" \/><\/a><p id=\"caption-attachment-1424\" class=\"wp-caption-text\">Cartel de la ruta<\/p><\/div>\n<p><strong>Senderos L\u00e1cara Los Bald\u00edos ha organizado una ruta circular que parte de la localidad pacense de Carmonita. Se trata de una marcha de 22 kil\u00f3metros -con alternativas de 18 y 10 kil\u00f3metros. <\/strong><\/p>\n<p><strong>Los senderistas que organizan la marcha ofrecen un buen plato de cuchara\u00a0 despu\u00e9s de un ma\u00f1ana\u00a0 caminando entre montes de encinas y jaras.<\/strong><\/p>\n<div>Para desayunar un caf\u00e9 con dulces artesanos del Horno de Carmonita. Hechos a la antigua.<\/div>\n<div><\/div>\n<div>Como el tiempo est\u00e1 inestable os recibimos en el Pabell\u00f3n polideportivo. No tiene perdida, en la carretera principal a la salida del pueblo si vienes de C\u00e1ceres por Cruce de la Herrer\u00edas, y a la entrada si vienes por Cordobilla. A las 8:30.<\/div>\n<div><\/div>\n<div><strong>\u00a0RUTA Y ALTERNATIVAS:<\/strong><\/div>\n<div>Estos ser\u00e1n los recorridos definitivos, a expensas de alg\u00fan peque\u00f1o cambio si la lluvia nos vuelve impracticable \u00a0alg\u00fan tramo:<br \/>\nRUTA LARGA (ROJA): de 21 km<br \/>\nRUTA CORTA (AMARILLA): de 17 \u00a0km<br \/>\nRUTA MINI (VERDE): de 10 km.<br \/>\nLa dificultad es baja\/ media seg\u00fan el tiempo y el estado del terreno.<br \/>\nAconsejamos BUEN CALZADO y ropa adecuada. Est\u00e1 lloviendo mucho y es imposible que los caminos se sequen. Podemos encontrar algunos charcos o barro, y puede que tendremos que mojarnos los pies en alg\u00fan momento. Nada que no se soluciones con unas zapatillas<\/div>\n<!-- AddThis Advanced Settings generic via filter on the_content --><!-- AddThis Share Buttons generic via filter on the_content -->","protected":false},"excerpt":{"rendered":"<p>Senderos L\u00e1cara Los Bald\u00edos ha organizado una ruta circular que parte de la localidad pacense de Carmonita. Se trata de una marcha de 22 kil\u00f3metros -con alternativas de 18 y 10 kil\u00f3metros. Los senderistas que organizan la marcha ofrecen un buen plato de cuchara\u00a0 despu\u00e9s de un ma\u00f1ana\u00a0 caminando entre montes de encinas y jaras. [&hellip;]<!-- AddThis Advanced Settings generic via filter on get_the_excerpt --><!-- AddThis Share Buttons generic via filter on get_the_excerpt --><\/p>\n","protected":false},"author":27,"featured_media":0,"comment_status":"open","ping_status":"closed","sticky":false,"template":"","format":"standard","meta":[],"categories":[4],"tags":[],"_links":{"self":[{"href":"https:\/\/blogs.hoy.es\/senderosextremadura\/wp-json\/wp\/v2\/posts\/1423"}],"collection":[{"href":"https:\/\/blogs.hoy.es\/senderosextremadura\/wp-json\/wp\/v2\/posts"}],"about":[{"href":"https:\/\/blogs.hoy.es\/senderosextremadura\/wp-json\/wp\/v2\/types\/post"}],"author":[{"embeddable":true,"href":"https:\/\/blogs.hoy.es\/senderosextremadura\/wp-json\/wp\/v2\/users\/27"}],"replies":[{"embeddable":true,"href":"https:\/\/blogs.hoy.es\/senderosextremadura\/wp-json\/wp\/v2\/comments?post=1423"}],"version-history":[{"count":0,"href":"https:\/\/blogs.hoy.es\/senderosextremadura\/wp-json\/wp\/v2\/posts\/1423\/revisions"}],"wp:attachment":[{"href":"https:\/\/blogs.hoy.es\/senderosextremadura\/wp-json\/wp\/v2\/media?parent=1423"}],"wp:term":[{"taxonomy":"category","embeddable":true,"href":"https:\/\/blogs.hoy.es\/senderosextremadura\/wp-json\/wp\/v2\/categories?post=1423"},{"taxonomy":"post_tag","embeddable":true,"href":"https:\/\/blogs.hoy.es\/senderosextremadura\/wp-json\/wp\/v2\/tags?post=1423"}],"curies":[{"name":"wp","href":"https:\/\/api.w.org\/{rel}","templated":true}]}}