{"id":1427,"date":"2013-03-21T20:18:13","date_gmt":"2013-03-21T20:18:13","guid":{"rendered":"http:\/\/blogs.hoy.es\/senderosextremadura\/?p=1427"},"modified":"2013-03-21T20:18:13","modified_gmt":"2013-03-21T20:18:13","slug":"senderismo-y-tapas-en-caminomorisco-30-y-31-de-marzo","status":"publish","type":"post","link":"https:\/\/blogs.hoy.es\/senderosextremadura\/2013\/03\/21\/senderismo-y-tapas-en-caminomorisco-30-y-31-de-marzo\/","title":{"rendered":"Senderismo y tapas en Caminomorisco (30 y 31 de marzo)"},"content":{"rendered":"<div id=\"attachment_1428\" style=\"width: 610px\" class=\"wp-caption aligncenter\"><a href=\"https:\/\/blogs.hoy.es\/senderosextremadura\/2013\/03\/21\/senderismo-y-tapas-en-caminomorisco-30-y-31-de-marzo\/domingon\/\" rel=\"attachment wp-att-1428\"><img aria-describedby=\"caption-attachment-1428\" loading=\"lazy\" class=\"size-large wp-image-1428\" title=\"Cartel con las actividades programadas en Caminomorisco\" src=\"\/senderosextremadura\/wp-content\/uploads\/sites\/22\/2013\/03\/DOMINGOn.jpg\" alt=\"Cartel con las actividades programadas en Caminomorisco\" width=\"600\" height=\"420\" srcset=\"https:\/\/static-blogs.hoy.es\/wp-content\/uploads\/sites\/22\/2013\/03\/DOMINGOn.jpg 960w, https:\/\/static-blogs.hoy.es\/wp-content\/uploads\/sites\/22\/2013\/03\/DOMINGOn-300x210.jpg 300w, https:\/\/static-blogs.hoy.es\/wp-content\/uploads\/sites\/22\/2013\/03\/DOMINGOn-768x538.jpg 768w, https:\/\/static-blogs.hoy.es\/wp-content\/uploads\/sites\/22\/2013\/03\/DOMINGOn-600x420.jpg 600w\" sizes=\"(max-width: 600px) 100vw, 600px\" \/><\/a><p id=\"caption-attachment-1428\" class=\"wp-caption-text\">Cartel con las actividades programadas en Caminomorisco<\/p><\/div>\n<p>Os proponemos un magn\u00edfico plan para disfrutar de un fin de semana en <strong>Las Hurdes<\/strong>. Completo programa el que programa<strong> <a href=\"http:\/\/www.aytocaminomorisco.com\/\" rel=\"external nofollow\">Caminomorisco<\/a><\/strong> para terminar marzo con su <strong>II semana de actividades Arte-Nativas<\/strong>. Por lo que a nosotros m\u00e1s nos interesa, es decir, el <strong>senderismo,<\/strong> el domingo 31 de marzo tendr\u00e1 lugar una ruta con inicio en la citada localidad, pasando por Cambr\u00f3n y finalizaci\u00f3n en Cambroncino. Adem\u00e1s, el mismo d\u00eda habr\u00e1 una <strong>ruta en mountain bike<\/strong> que recorrer\u00e1 Arrolobos, Rebollosa y Riomalo de Abajo. <!--more--><\/p>\n<p>Un d\u00eda antes, el s\u00e1bado 30, podremos disfrutar de la gastronom\u00eda local en la<strong> II Feria de la Tapa de Caminomorisco<\/strong>, que cuenta con la colaboraci\u00f3n de los establecimientos de hosteler\u00eda de la localidad.<\/p>\n<p>Por otra parte, el jueves 28 de marzo tiene lugar una ruta de senderismo e iniciaci\u00f3n ornitol\u00f3gica. Tendr\u00e1 comienzo a las 16 horas. Ese mismo d\u00eda, los amantes del agua podr\u00e1n hacer una <strong>ruta en piragua por el meandro de El Melero<\/strong>. Asimismo, el viernes 29 de marzo los m\u00e1s aventureros podr\u00e1n participar en un <strong>descenso de barrancos<\/strong> por el Chorre\u00f3n del Tajo.<\/p>\n<p>&nbsp;<\/p>\n<p>Para m\u00e1s informaci\u00f3n:<\/p>\n<p><a href=\"http:\/\/www.aytocaminomorisco.com\/\" target=\"_blank\" rel=\"external nofollow\"><strong>Ayuntamiento de Caminomorisco<\/strong><\/a><\/p>\n<p>927 43 51 93\u00a0 <a href=\"oficinadeturismo@ayto-caminomorisco.com\" target=\"_blank\"><strong>oficinadeturismo@ayto-caminomorisco.com<\/strong><\/a><\/p>\n<table width=\"100%\" border=\"0\" cellspacing=\"0\" cellpadding=\"0\">\n<tbody>\n<tr>\n<td valign=\"top\" width=\"100\"><\/td>\n<td><\/td>\n<\/tr>\n<\/tbody>\n<\/table>\n<!-- AddThis Advanced Settings generic via filter on the_content --><!-- AddThis Share Buttons generic via filter on the_content -->","protected":false},"excerpt":{"rendered":"<p>Os proponemos un magn\u00edfico plan para disfrutar de un fin de semana en Las Hurdes. Completo programa el que programa Caminomorisco para terminar marzo con su II semana de actividades Arte-Nativas. Por lo que a nosotros m\u00e1s nos interesa, es decir, el senderismo, el domingo 31 de marzo tendr\u00e1 lugar una ruta con inicio en [&hellip;]<!-- AddThis Advanced Settings generic via filter on get_the_excerpt --><!-- AddThis Share Buttons generic via filter on get_the_excerpt --><\/p>\n","protected":false},"author":27,"featured_media":0,"comment_status":"open","ping_status":"closed","sticky":false,"template":"","format":"standard","meta":[],"categories":[4],"tags":[801,821,856,917,944,1035],"_links":{"self":[{"href":"https:\/\/blogs.hoy.es\/senderosextremadura\/wp-json\/wp\/v2\/posts\/1427"}],"collection":[{"href":"https:\/\/blogs.hoy.es\/senderosextremadura\/wp-json\/wp\/v2\/posts"}],"about":[{"href":"https:\/\/blogs.hoy.es\/senderosextremadura\/wp-json\/wp\/v2\/types\/post"}],"author":[{"embeddable":true,"href":"https:\/\/blogs.hoy.es\/senderosextremadura\/wp-json\/wp\/v2\/users\/27"}],"replies":[{"embeddable":true,"href":"https:\/\/blogs.hoy.es\/senderosextremadura\/wp-json\/wp\/v2\/comments?post=1427"}],"version-history":[{"count":0,"href":"https:\/\/blogs.hoy.es\/senderosextremadura\/wp-json\/wp\/v2\/posts\/1427\/revisions"}],"wp:attachment":[{"href":"https:\/\/blogs.hoy.es\/senderosextremadura\/wp-json\/wp\/v2\/media?parent=1427"}],"wp:term":[{"taxonomy":"category","embeddable":true,"href":"https:\/\/blogs.hoy.es\/senderosextremadura\/wp-json\/wp\/v2\/categories?post=1427"},{"taxonomy":"post_tag","embeddable":true,"href":"https:\/\/blogs.hoy.es\/senderosextremadura\/wp-json\/wp\/v2\/tags?post=1427"}],"curies":[{"name":"wp","href":"https:\/\/api.w.org\/{rel}","templated":true}]}}